{"id":7269,"date":"2024-09-24T20:12:30","date_gmt":"2024-09-24T18:12:30","guid":{"rendered":"https:\/\/bicg.com\/cuatrecasas-nouveau-plan-strategique-et-mise-en-oeuvre-dinitiatives-de-transformation\/"},"modified":"2024-09-24T20:27:41","modified_gmt":"2024-09-24T18:27:41","slug":"cuatrecasas-nouveau-plan-strategique-et-mise-en-oeuvre-dinitiatives-de-transformation","status":"publish","type":"post","link":"https:\/\/bicg.com\/fr\/cuatrecasas-nouveau-plan-strategique-et-mise-en-oeuvre-dinitiatives-de-transformation\/","title":{"rendered":"Cuatrecasas: nouveau plan strat\u00e9gique et mise en \u0153uvre d&rsquo;initiatives de transformation"},"content":{"rendered":"\t\t<div data-elementor-type=\"wp-post\" data-elementor-id=\"7269\" class=\"elementor elementor-7269 elementor-7257\" data-elementor-post-type=\"post\">\n\t\t\t\t<div class=\"elementor-element elementor-element-29677c3 e-flex e-con-boxed e-con e-child\" data-id=\"29677c3\" data-element_type=\"container\" data-e-type=\"container\">\n\t\t\t\t\t<div class=\"e-con-inner\">\n\t\t\t\t<div class=\"elementor-element elementor-element-0b49dd6 elementor-hidden-desktop elementor-hidden-tablet elementor-hidden-mobile elementor-widget elementor-widget-text-editor\" data-id=\"0b49dd6\" data-element_type=\"widget\" data-e-type=\"widget\" data-widget_type=\"text-editor.default\">\n\t\t\t\t<div class=\"elementor-widget-container\">\n\t\t\t\t\t\t\t\t\t<p><strong>Le d\u00e9fi : le nouveau bureau de Cuatrecasas \u00e0 Barcelone donne vie \u00e0 l&rsquo;un des vecteurs du plan strat\u00e9gique : faire \u00e9voluer sa fa\u00e7on de travailler.<\/strong><\/p>\n<p>En 2016, Cuatrecasasas, le cabinet d&rsquo;avocats espagnol pr\u00e9sent dans plus de 12 pays, a \u00e9t\u00e9 contraint de quitter son si\u00e8ge au centre de Barcelone pour s&rsquo;installer au 22@. <\/p>\n\t\t\t\t\t\t\t\t<\/div>\n\t\t\t\t<\/div>\n\t\t\t\t<div class=\"elementor-element elementor-element-99e7cce elementor-widget elementor-widget-video\" data-id=\"99e7cce\" data-element_type=\"widget\" data-e-type=\"widget\" data-settings=\"{&quot;video_type&quot;:&quot;vimeo&quot;}\" data-widget_type=\"video.default\">\n\t\t\t\t<div class=\"elementor-widget-container\">\n\t\t\t\t\t\t\t<div class=\"elementor-wrapper elementor-open-inline\">\n\t\t\t\t\t<\/div>\n\t\t\t\t\t\t<\/div>\n\t\t\t\t<\/div>\n\t\t\t\t\t<\/div>\n\t\t\t\t<\/div>\n\t\t<div class=\"elementor-element elementor-element-f79eb06 e-flex e-con-boxed e-con e-parent\" data-id=\"f79eb06\" data-element_type=\"container\" data-e-type=\"container\">\n\t\t\t\t\t<div class=\"e-con-inner\">\n\t\t<div class=\"elementor-element elementor-element-2d67c78 e-flex e-con-boxed e-con e-child\" data-id=\"2d67c78\" data-element_type=\"container\" data-e-type=\"container\">\n\t\t\t\t\t<div class=\"e-con-inner\">\n\t\t<div class=\"elementor-element elementor-element-668dc4f e-con-full e-flex e-con e-child\" data-id=\"668dc4f\" data-element_type=\"container\" data-e-type=\"container\">\n\t\t\t\t<div class=\"elementor-element elementor-element-823ebfa elementor-widget elementor-widget-theme-post-title elementor-page-title elementor-widget-heading\" data-id=\"823ebfa\" data-element_type=\"widget\" data-e-type=\"widget\" data-widget_type=\"theme-post-title.default\">\n\t\t\t\t<div class=\"elementor-widget-container\">\n\t\t\t\t\t<h1 class=\"elementor-heading-title elementor-size-default\">Cuatrecasas: nouveau plan strat\u00e9gique et mise en \u0153uvre d&rsquo;initiatives de transformation<\/h1>\t\t\t\t<\/div>\n\t\t\t\t<\/div>\n\t\t\t\t<div class=\"elementor-element elementor-element-9c680c1 elementor-widget-divider--view-line elementor-widget elementor-widget-divider\" data-id=\"9c680c1\" data-element_type=\"widget\" data-e-type=\"widget\" data-widget_type=\"divider.default\">\n\t\t\t\t<div class=\"elementor-widget-container\">\n\t\t\t\t\t\t\t<div class=\"elementor-divider\">\n\t\t\t<span class=\"elementor-divider-separator\">\n\t\t\t\t\t\t<\/span>\n\t\t<\/div>\n\t\t\t\t\t\t<\/div>\n\t\t\t\t<\/div>\n\t\t\t\t<div class=\"elementor-element elementor-element-31cb762 elementor-widget elementor-widget-text-editor\" data-id=\"31cb762\" data-element_type=\"widget\" data-e-type=\"widget\" data-widget_type=\"text-editor.default\">\n\t\t\t\t<div class=\"elementor-widget-container\">\n\t\t\t\t\t\t\t\t\t<p><strong>Le d\u00e9fi : le nouveau bureau de Cuatrecasas \u00e0 Barcelone donne vie \u00e0 l&rsquo;un des vecteurs du plan strat\u00e9gique : faire \u00e9voluer sa fa\u00e7on de travailler.<\/strong><\/p>\n<p>En 2016, Cuatrecasasas, le cabinet d&rsquo;avocats espagnol pr\u00e9sent dans plus de 12 pays, a \u00e9t\u00e9 contraint de quitter son si\u00e8ge au centre de Barcelone pour s&rsquo;installer au 22@. Cette situation a servi pour d\u00e9clencher la mise en \u0153uvre d\u2019un des vecteurs de son plan strat\u00e9gique et \u00e0 l&rsquo;\u00e9volution d&rsquo;une m\u00e9thode de travail plus efficace et ax\u00e9e sur la collaboration ; gr\u00e2ce aux pratiques qui ont un impact sur leur activit\u00e9 et sur la mani\u00e8re de r\u00e9pondre aux besoins des clients. <\/p>\n\t\t\t\t\t\t\t\t<\/div>\n\t\t\t\t<\/div>\n\t\t\t\t<\/div>\n\t\t<div class=\"elementor-element elementor-element-a55a78a e-con-full e-flex e-con e-child\" data-id=\"a55a78a\" data-element_type=\"container\" data-e-type=\"container\">\n\t\t<div class=\"elementor-element elementor-element-8319a97 e-con-full e-flex e-con e-child\" data-id=\"8319a97\" data-element_type=\"container\" data-e-type=\"container\" data-settings=\"{&quot;background_background&quot;:&quot;classic&quot;}\">\n\t\t\t\t<div class=\"elementor-element elementor-element-fbdfb68 elementor-widget elementor-widget-text-editor\" data-id=\"fbdfb68\" data-element_type=\"widget\" data-e-type=\"widget\" data-widget_type=\"text-editor.default\">\n\t\t\t\t<div class=\"elementor-widget-container\">\n\t\t\t\t\t\t\t\t\t<p>Pax: 1.500<\/p>\n\t\t\t\t\t\t\t\t<\/div>\n\t\t\t\t<\/div>\n\t\t\t\t<div class=\"elementor-element elementor-element-d188a6e elementor-widget elementor-widget-text-editor\" data-id=\"d188a6e\" data-element_type=\"widget\" data-e-type=\"widget\" data-widget_type=\"text-editor.default\">\n\t\t\t\t<div class=\"elementor-widget-container\">\n\t\t\t\t\t\t\t\t\t<p>M2: 17.000<\/p>\n\t\t\t\t\t\t\t\t<\/div>\n\t\t\t\t<\/div>\n\t\t\t\t<div class=\"elementor-element elementor-element-fa4e6e7 elementor-widget elementor-widget-text-editor\" data-id=\"fa4e6e7\" data-element_type=\"widget\" data-e-type=\"widget\" data-widget_type=\"text-editor.default\">\n\t\t\t\t<div class=\"elementor-widget-container\">\n\t\t\t\t\t\t\t\t\t<p>Lieu: Madrid\/Barcelona<\/p>\n\t\t\t\t\t\t\t\t<\/div>\n\t\t\t\t<\/div>\n\t\t\t\t<div class=\"elementor-element elementor-element-ef8b18b elementor-widget elementor-widget-text-editor\" data-id=\"ef8b18b\" data-element_type=\"widget\" data-e-type=\"widget\" data-widget_type=\"text-editor.default\">\n\t\t\t\t<div class=\"elementor-widget-container\">\n\t\t\t\t\t\t\t\t\t<p>Ann\u00e9e: 2016-2018<\/p>\n\t\t\t\t\t\t\t\t<\/div>\n\t\t\t\t<\/div>\n\t\t\t\t<\/div>\n\t\t<div class=\"elementor-element elementor-element-fcbc7ef e-grid e-con-boxed e-con e-child\" data-id=\"fcbc7ef\" data-element_type=\"container\" data-e-type=\"container\">\n\t\t\t\t\t<div class=\"e-con-inner\">\n\t\t\t\t<div class=\"elementor-element elementor-element-ef3030a elementor-align-center elementor-widget__width-initial elementor-widget elementor-widget-button\" data-id=\"ef3030a\" data-element_type=\"widget\" data-e-type=\"widget\" data-widget_type=\"button.default\">\n\t\t\t\t<div class=\"elementor-widget-container\">\n\t\t\t\t\t\t\t\t\t<div class=\"elementor-button-wrapper\">\n\t\t\t\t\t<a class=\"elementor-button elementor-size-xs\" role=\"button\">\n\t\t\t\t\t\t<span class=\"elementor-button-content-wrapper\">\n\t\t\t\t\t\t\t\t\t<span class=\"elementor-button-text\">Personnes et organisation<\/span>\n\t\t\t\t\t<\/span>\n\t\t\t\t\t<\/a>\n\t\t\t\t<\/div>\n\t\t\t\t\t\t\t\t<\/div>\n\t\t\t\t<\/div>\n\t\t\t\t<div class=\"elementor-element elementor-element-37b7e92 elementor-align-center elementor-widget__width-initial elementor-widget elementor-widget-button\" data-id=\"37b7e92\" data-element_type=\"widget\" data-e-type=\"widget\" data-widget_type=\"button.default\">\n\t\t\t\t<div class=\"elementor-widget-container\">\n\t\t\t\t\t\t\t\t\t<div class=\"elementor-button-wrapper\">\n\t\t\t\t\t<a class=\"elementor-button elementor-size-xs\" role=\"button\">\n\t\t\t\t\t\t<span class=\"elementor-button-content-wrapper\">\n\t\t\t\t\t\t\t\t\t<span class=\"elementor-button-text\">Espaces<\/span>\n\t\t\t\t\t<\/span>\n\t\t\t\t\t<\/a>\n\t\t\t\t<\/div>\n\t\t\t\t\t\t\t\t<\/div>\n\t\t\t\t<\/div>\n\t\t\t\t\t<\/div>\n\t\t\t\t<\/div>\n\t\t\t\t<\/div>\n\t\t\t\t\t<\/div>\n\t\t\t\t<\/div>\n\t\t\t\t\t<\/div>\n\t\t\t\t<\/div>\n\t\t<div class=\"elementor-element elementor-element-01f6769 e-flex e-con-boxed e-con e-parent\" data-id=\"01f6769\" data-element_type=\"container\" data-e-type=\"container\">\n\t\t\t\t\t<div class=\"e-con-inner\">\n\t\t\t\t<div class=\"elementor-element elementor-element-8415972 elementor-widget-divider--view-line elementor-widget elementor-widget-divider\" data-id=\"8415972\" data-element_type=\"widget\" data-e-type=\"widget\" data-widget_type=\"divider.default\">\n\t\t\t\t<div class=\"elementor-widget-container\">\n\t\t\t\t\t\t\t<div class=\"elementor-divider\">\n\t\t\t<span class=\"elementor-divider-separator\">\n\t\t\t\t\t\t<\/span>\n\t\t<\/div>\n\t\t\t\t\t\t<\/div>\n\t\t\t\t<\/div>\n\t\t\t\t<div class=\"elementor-element elementor-element-bc7f646 elementor-widget elementor-widget-text-editor\" data-id=\"bc7f646\" data-element_type=\"widget\" data-e-type=\"widget\" data-widget_type=\"text-editor.default\">\n\t\t\t\t<div class=\"elementor-widget-container\">\n\t\t\t\t\t\t\t\t\t<p>Dans cette nouvelle perspective, Cuatrecasas cherche le soutien de bicg pour, d&rsquo;une part, g\u00e9n\u00e9rer la r\u00e9flexion qui aboutit \u00e0 un plan strat\u00e9gique et, d&rsquo;autre part, pour la conceptualisation d&rsquo;un nouvel espace destin\u00e9 \u00e0 accueillir la nouvelle m\u00e9thode de travail de la soci\u00e9t\u00e9.<\/p>\n<\/p>\n<p><strong>La solution : un cadre pour la transformation qui commence par les m\u00e9thodes de travail<\/strong><\/p>\n<p>Des sessions guid\u00e9es avec la direction ont permis de d\u00e9finir les objectifs cl\u00e9s : mod\u00e8le d&rsquo;entreprise, mod\u00e8le de soci\u00e9t\u00e9, r\u00f4le du collaborateur, positionnement sur le march\u00e9, exp\u00e9rience du client, etc.<\/p>\n<p>De ce premier point et \u00e0 partir d&rsquo;une analyse \u00e0 laquelle a particip\u00e9 un groupe de professionnels de l&rsquo;organisation, est n\u00e9 le plan strat\u00e9gique de l&rsquo;entreprise, qui associe l&rsquo;exp\u00e9rience du client et celle de l&#8217;employ\u00e9 dans une vision commune. De celui-ci ont d\u00e9coul\u00e9 les 9 lignes strat\u00e9giques, qui ont d\u00fb \u00eatre mises en \u0153uvre par des \u00e9quipes autonomes qui rapportaient directement aux associ\u00e9s.<\/p>\n<p>Ce plan comprend une d\u00e9finition de la nouvelle fa\u00e7on de travailler et du concept d&rsquo;espace \u00e0 mettre en \u0153uvre dans les nouveaux bureaux.<\/p>\n<\/p>\n<p><strong>Les cl\u00e9s du succ\u00e8s : l&rsquo;innovation dans les m\u00e9thodes de travail<\/strong><\/p>\n<p>Pour garantir l&rsquo;adoption d&rsquo;une nouvelle dynamique, d&rsquo;un nouveau concept spatial et des m\u00e9thodes de travail plus efficaces, un processus participatif a \u00e9t\u00e9 con\u00e7u, dont le champ d&rsquo;action s&rsquo;\u00e9tendait au-del\u00e0 du si\u00e8ge de Barcelone, car l&rsquo;ambition du projet \u00e9tait toujours globale. C&rsquo;est pourquoi les personnes s\u00e9lectionn\u00e9es pour jouer le r\u00f4le d&rsquo;ambassadeurs de changement n&rsquo;appartenaient pas seulement au groupe de Barcelone, mais aussi \u00e0 d&rsquo;autres bureaux r\u00e9gionaux. <\/p>\n<p>Parmi les actions mises en \u0153uvre dans le cadre de ce processus, on peut citer : la transition vers un mod\u00e8le de travail plus num\u00e9rique et moins d\u00e9pendant du papier, le travail sur les \u00e9l\u00e9ments li\u00e9s \u00e0 la diversit\u00e9 et \u00e0 la dynamique de travail en fonction des profils, la cr\u00e9ation d&rsquo;un mod\u00e8le de travail plus \u00ab all\u00e9g\u00e9 \u00bb, avec moins de bureaucratie et le travail sur la gestion des processus juridiques, l&rsquo;augmentation de la formation technologique, en particulier des associ\u00e9s, l&rsquo;exploration de nouvelles fa\u00e7ons d&rsquo;utiliser l&rsquo;espace de travail par le biais de projets pilotes de non-attribution de postes de travail et de t\u00e9l\u00e9travail.<\/p>\n<p>La focalisation du cabinet envers la technologie a toujours \u00e9t\u00e9 mis en \u00e9vidence par rapport \u00e0 d\u2019autres entreprises, et dans ce cas, l\u2019une des cl\u00e9s pour transformer les dynamiques \u00e9tait l\u2019investissement dans la num\u00e9risation de la fa\u00e7on de travailler, \u00e0 travers une initiative qui a eu un grand succ\u00e8s : Genius Bar et Floorwalkers. Ces actions avaient pour but d\u2019\u00eatre plus proactifs depuis l\u2019organisation pour comprendre les dynamiques habituelles des professionnels, notamment des associ\u00e9s et trouver une formule num\u00e9rique et efficace pour le faire, en formant et fournissant les outils n\u00e9cessaires \u00e0 la collectivit\u00e9. Le r\u00e9sultat a \u00e9t\u00e9 un rapprochement de la technologie aux professionnels afin de la rendre plus accessible.  <\/p>\n\t\t\t\t\t\t\t\t<\/div>\n\t\t\t\t<\/div>\n\t\t\t\t<div class=\"elementor-element elementor-element-328c445 elementor-widget elementor-widget-text-editor\" data-id=\"328c445\" data-element_type=\"widget\" data-e-type=\"widget\" data-widget_type=\"text-editor.default\">\n\t\t\t\t<div class=\"elementor-widget-container\">\n\t\t\t\t\t\t\t\t\t<p><strong>Les r\u00e9sultats : un processus de transformation<\/strong><\/p>\n<p>Parmi les autres r\u00e9sultats cl\u00e9s figurent :<\/p>\n<ul>\n<li>75 % de r\u00e9duction de papier. 30 tonnes de papier ont \u00e9t\u00e9 \u00e9limin\u00e9es des bureaux apr\u00e8s la num\u00e9risation de la documentation n\u00e9cessaire et des processus li\u00e9s \u00e0 la production de papier. <\/li>\n<li>150 ambassadeurs du changement ont pris part \u00e0 ce processus participatif afin de promouvoir la transformation culturelle au-del\u00e0 du si\u00e8ge de Barcelone.<\/li>\n<li>Un taux de satisfaction du projet de 4,6\/5 en termes de soutien et d&rsquo;adoption d&rsquo;une nouvelle dynamique.<\/li>\n<\/ul>\n<p>Cuatrecasas devient le premier cabinet d&rsquo;avocats en Espagne \u00e0 repenser ses m\u00e9thodes de travail pour les adapter aux nouveaux besoins de ses employ\u00e9s et de ses clients, en se concentrant clairement sur la r\u00e9alisation de ses objectifs et sur sa position de leader sur le march\u00e9. Le processus de changement participatif par le biais d&rsquo;une structure d&rsquo;ambassadeurs du changement est devenu l&rsquo;une des raisons pour lesquelles le cabinet s&rsquo;est positionn\u00e9 en tant que cabinet d&rsquo;avocats innovant en Espagne dans le <a href=\"https:\/\/www.cuatrecasas.com\/es\/spain\/art\/ft_innovative_lawyers_maximo_reconocimiento_en_innovacion_legal\">classement des cabinets d&rsquo;avocats internationaux les plus innovants publi\u00e9 par le Financial Times (cliquer pour lire). <\/a> <\/p>\n\t\t\t\t\t\t\t\t<\/div>\n\t\t\t\t<\/div>\n\t\t\t\t\t<\/div>\n\t\t\t\t<\/div>\n\t\t\t\t<\/div>\n\t\t","protected":false},"excerpt":{"rendered":"<p>Le d\u00e9fi : le nouveau bureau de Cuatrecasas \u00e0 Barcelone donne vie \u00e0 l&rsquo;un des vecteurs du plan strat\u00e9gique : faire \u00e9voluer sa fa\u00e7on de travailler. En 2016, Cuatrecasasas, le cabinet d&rsquo;avocats espagnol pr\u00e9sent dans plus de 12 pays, a \u00e9t\u00e9 contraint de quitter son si\u00e8ge au centre de Barcelone pour s&rsquo;installer au 22@. Vous [&hellip;]<\/p>\n","protected":false},"author":1,"featured_media":7261,"comment_status":"closed","ping_status":"closed","sticky":false,"template":"","format":"standard","meta":{"footnotes":""},"categories":[86,89,87,88],"tags":[137],"class_list":["post-7269","post","type-post","status-publish","format-standard","has-post-thumbnail","hentry","category-case-study-fr","category-espaces","category-iberia-fr","category-personnes-et-organisation","tag-cuatrecasas-fr"],"_links":{"self":[{"href":"https:\/\/bicg.com\/fr\/wp-json\/wp\/v2\/posts\/7269","targetHints":{"allow":["GET"]}}],"collection":[{"href":"https:\/\/bicg.com\/fr\/wp-json\/wp\/v2\/posts"}],"about":[{"href":"https:\/\/bicg.com\/fr\/wp-json\/wp\/v2\/types\/post"}],"author":[{"embeddable":true,"href":"https:\/\/bicg.com\/fr\/wp-json\/wp\/v2\/users\/1"}],"replies":[{"embeddable":true,"href":"https:\/\/bicg.com\/fr\/wp-json\/wp\/v2\/comments?post=7269"}],"version-history":[{"count":1,"href":"https:\/\/bicg.com\/fr\/wp-json\/wp\/v2\/posts\/7269\/revisions"}],"predecessor-version":[{"id":7270,"href":"https:\/\/bicg.com\/fr\/wp-json\/wp\/v2\/posts\/7269\/revisions\/7270"}],"wp:featuredmedia":[{"embeddable":true,"href":"https:\/\/bicg.com\/fr\/wp-json\/wp\/v2\/media\/7261"}],"wp:attachment":[{"href":"https:\/\/bicg.com\/fr\/wp-json\/wp\/v2\/media?parent=7269"}],"wp:term":[{"taxonomy":"category","embeddable":true,"href":"https:\/\/bicg.com\/fr\/wp-json\/wp\/v2\/categories?post=7269"},{"taxonomy":"post_tag","embeddable":true,"href":"https:\/\/bicg.com\/fr\/wp-json\/wp\/v2\/tags?post=7269"}],"curies":[{"name":"wp","href":"https:\/\/api.w.org\/{rel}","templated":true}]}}