{"id":5117,"date":"2024-07-04T03:17:48","date_gmt":"2024-07-04T01:17:48","guid":{"rendered":"https:\/\/bicg.com\/adaptation-et-gestion-du-changement-strategies-a-lere-de-lincertitude\/"},"modified":"2025-03-26T16:01:41","modified_gmt":"2025-03-26T15:01:41","slug":"adaptation-et-gestion-du-changement-strategies-a-lere-de-lincertitude","status":"publish","type":"post","link":"https:\/\/bicg.com\/fr\/adaptation-et-gestion-du-changement-strategies-a-lere-de-lincertitude\/","title":{"rendered":"Adaptation et gestion du changement : strat\u00e9gies \u00e0 l&rsquo;\u00e8re de l&rsquo;incertitude"},"content":{"rendered":"\t\t<div data-elementor-type=\"wp-post\" data-elementor-id=\"5117\" class=\"elementor elementor-5117 elementor-5085\" data-elementor-post-type=\"post\">\n\t\t\t\t\t\t<section class=\"elementor-section elementor-top-section elementor-element elementor-element-0f6537b elementor-section-boxed elementor-section-height-default elementor-section-height-default\" data-id=\"0f6537b\" data-element_type=\"section\" data-e-type=\"section\">\n\t\t\t\t\t\t<div class=\"elementor-container elementor-column-gap-default\">\n\t\t\t\t\t\t<\/div>\n\t\t<\/section>\n\t\t<div class=\"elementor-element elementor-element-18c376c e-flex e-con-boxed e-con e-parent\" data-id=\"18c376c\" data-element_type=\"container\" data-e-type=\"container\">\n\t\t\t\t\t<div class=\"e-con-inner\">\n\t\t<div class=\"elementor-element elementor-element-3c6ded3 e-flex e-con-boxed e-con e-child\" data-id=\"3c6ded3\" data-element_type=\"container\" data-e-type=\"container\">\n\t\t\t\t\t<div class=\"e-con-inner\">\n\t\t\t\t<div class=\"elementor-element elementor-element-509a2f2 elementor-widget elementor-widget-heading\" data-id=\"509a2f2\" data-element_type=\"widget\" data-e-type=\"widget\" data-widget_type=\"heading.default\">\n\t\t\t\t<div class=\"elementor-widget-container\">\n\t\t\t\t\t<h6 class=\"elementor-heading-title elementor-size-default\">- Alejandra Mart\u00ednez Boluda, Directeur g\u00e9n\u00e9ral chez bicg.<\/h6>\t\t\t\t<\/div>\n\t\t\t\t<\/div>\n\t\t\t\t<div class=\"elementor-element elementor-element-8ade165 elementor-widget elementor-widget-text-editor\" data-id=\"8ade165\" data-element_type=\"widget\" data-e-type=\"widget\" data-widget_type=\"text-editor.default\">\n\t\t\t\t<div class=\"elementor-widget-container\">\n\t\t\t\t\t\t\t\t\t<div class=\"reader-article-content reader-article-content--content-blocks\" dir=\"ltr\">\n<p><strong><u>Qu&rsquo;est-ce que le changement ?<\/u><\/strong><\/p>\n<p>Dans un monde marqu\u00e9 par une rapidit\u00e9 et une volatilit\u00e9 sans pr\u00e9c\u00e9dent, la capacit\u00e9 \u00e0 s&rsquo;adapter au changement est non seulement souhaitable, mais essentielle \u00e0 la survie et \u00e0 la prosp\u00e9rit\u00e9 de toute organisation. <\/p>\n<\/div>\n\t\t\t\t\t\t\t\t<\/div>\n\t\t\t\t<\/div>\n\t\t\t\t<div class=\"elementor-element elementor-element-4da0cf1 elementor-widget elementor-widget-heading\" data-id=\"4da0cf1\" data-element_type=\"widget\" data-e-type=\"widget\" data-widget_type=\"heading.default\">\n\t\t\t\t<div class=\"elementor-widget-container\">\n\t\t\t\t\t<h2 class=\"elementor-heading-title elementor-size-default\">Ce besoin d'adaptation, profond\u00e9ment ancr\u00e9 dans l'histoire de l'humanit\u00e9, trouve un \u00e9cho dans les mots d'H\u00e9raclite : \"Le changement permanent est la seule chose qui ne change pas\".<\/h2>\t\t\t\t<\/div>\n\t\t\t\t<\/div>\n\t\t\t\t<div class=\"elementor-element elementor-element-29610bf elementor-widget elementor-widget-text-editor\" data-id=\"29610bf\" data-element_type=\"widget\" data-e-type=\"widget\" data-widget_type=\"text-editor.default\">\n\t\t\t\t<div class=\"elementor-widget-container\">\n\t\t\t\t\t\t\t\t\t<div class=\"reader-article-content reader-article-content--content-blocks\" dir=\"ltr\">\n<p>Cet article examine comment les organisations peuvent g\u00e9rer efficacement le changement dans le contexte actuel d&rsquo;incertitude, de stress et d&rsquo;anxi\u00e9t\u00e9 croissants.<\/p>\n<p>Resterez-vous pour le d\u00e9couvrir ?<\/p>\n<\/div>\n\t\t\t\t\t\t\t\t<\/div>\n\t\t\t\t<\/div>\n\t\t\t\t<div class=\"elementor-element elementor-element-ef80785 elementor-widget-divider--view-line elementor-widget elementor-widget-divider\" data-id=\"ef80785\" data-element_type=\"widget\" data-e-type=\"widget\" data-widget_type=\"divider.default\">\n\t\t\t\t<div class=\"elementor-widget-container\">\n\t\t\t\t\t\t\t<div class=\"elementor-divider\">\n\t\t\t<span class=\"elementor-divider-separator\">\n\t\t\t\t\t\t<\/span>\n\t\t<\/div>\n\t\t\t\t\t\t<\/div>\n\t\t\t\t<\/div>\n\t\t\t\t<div class=\"elementor-element elementor-element-63bf3c8 elementor-widget elementor-widget-text-editor\" data-id=\"63bf3c8\" data-element_type=\"widget\" data-e-type=\"widget\" data-widget_type=\"text-editor.default\">\n\t\t\t\t<div class=\"elementor-widget-container\">\n\t\t\t\t\t\t\t\t\t<div class=\"reader-article-content reader-article-content--content-blocks\" dir=\"ltr\">\n<p><strong>1. Le changement \u00e0 travers l&rsquo;histoire de l&rsquo;humanit\u00e9<\/strong><\/p>\n<p>Desde la perspectiva de Charles Darwin, el progreso humano se ha definido no por la fuerza o la inteligencia, sino por la capacidad de adaptarse. <br \/>En la era actual, este concepto de cambio se ha acelerado, dando lugar a lo que se denomina un <strong>contexto BANI (Brittle, Anxious, Non-linear, Incomprehensible).<\/strong><\/p>\n<\/div>\n\t\t\t\t\t\t\t\t<\/div>\n\t\t\t\t<\/div>\n\t\t<div class=\"elementor-element elementor-element-3103895 e-con-full e-flex e-con e-child\" data-id=\"3103895\" data-element_type=\"container\" data-e-type=\"container\">\n\t\t\t\t<div class=\"elementor-element elementor-element-33dcabe elementor-widget elementor-widget-image\" data-id=\"33dcabe\" data-element_type=\"widget\" data-e-type=\"widget\" data-widget_type=\"image.default\">\n\t\t\t\t<div class=\"elementor-widget-container\">\n\t\t\t\t\t\t\t\t\t\t\t\t\t\t\t<img fetchpriority=\"high\" decoding=\"async\" width=\"800\" height=\"233\" src=\"https:\/\/bicg.com\/wp-content\/uploads\/2024\/07\/IMG01-1024x298-1.png\" class=\"attachment-large size-large wp-image-5801\" alt=\"\" srcset=\"https:\/\/bicg.com\/wp-content\/uploads\/2024\/07\/IMG01-1024x298-1.png 1024w, https:\/\/bicg.com\/wp-content\/uploads\/2024\/07\/IMG01-1024x298-1-300x87.png 300w, https:\/\/bicg.com\/wp-content\/uploads\/2024\/07\/IMG01-1024x298-1-768x224.png 768w\" sizes=\"(max-width: 800px) 100vw, 800px\" \/>\t\t\t\t\t\t\t\t\t\t\t\t\t\t\t<\/div>\n\t\t\t\t<\/div>\n\t\t\t\t<div class=\"elementor-element elementor-element-79a7950 elementor-widget elementor-widget-text-editor\" data-id=\"79a7950\" data-element_type=\"widget\" data-e-type=\"widget\" data-widget_type=\"text-editor.default\">\n\t\t\t\t<div class=\"elementor-widget-container\">\n\t\t\t\t\t\t\t\t\t<div class=\"reader-article-content reader-article-content--content-blocks\" dir=\"ltr\">\n<p>Figure 1 : Contexte du BANI. Source interne. <\/p>\n<\/div>\n\t\t\t\t\t\t\t\t<\/div>\n\t\t\t\t<\/div>\n\t\t\t\t<\/div>\n\t\t\t\t<div class=\"elementor-element elementor-element-46b7eaf elementor-widget elementor-widget-text-editor\" data-id=\"46b7eaf\" data-element_type=\"widget\" data-e-type=\"widget\" data-widget_type=\"text-editor.default\">\n\t\t\t\t<div class=\"elementor-widget-container\">\n\t\t\t\t\t\t\t\t\t<div class=\"reader-article-content reader-article-content--content-blocks\" dir=\"ltr\">\n<p>Cette nouvelle r\u00e9alit\u00e9 met en \u00e9vidence l&rsquo;impact de l&rsquo;anxi\u00e9t\u00e9 et du stress sur notre bien-\u00eatre, ce qui exige une approche plus humaine et holistique des processus de transformation organisationnelle.<\/p>\n<\/div>\n\t\t\t\t\t\t\t\t<\/div>\n\t\t\t\t<\/div>\n\t\t\t\t<div class=\"elementor-element elementor-element-58b01fa elementor-widget elementor-widget-heading\" data-id=\"58b01fa\" data-element_type=\"widget\" data-e-type=\"widget\" data-widget_type=\"heading.default\">\n\t\t\t\t<div class=\"elementor-widget-container\">\n\t\t\t\t\t<h2 class=\"elementor-heading-title elementor-size-default\">Emmanuel Kant a affirm\u00e9 que l'intelligence d'un individu pourrait se mesurer au degr\u00e9 d'incertitude qu'il peut traiter.<\/h2>\t\t\t\t<\/div>\n\t\t\t\t<\/div>\n\t\t\t\t<div class=\"elementor-element elementor-element-ac90c01 elementor-widget elementor-widget-text-editor\" data-id=\"ac90c01\" data-element_type=\"widget\" data-e-type=\"widget\" data-widget_type=\"text-editor.default\">\n\t\t\t\t<div class=\"elementor-widget-container\">\n\t\t\t\t\t\t\t\t\t<div class=\"reader-article-content reader-article-content--content-blocks\" dir=\"ltr\">\n<p>Au niveau de l&rsquo;organisation, cela implique une capacit\u00e9 \u00e0 g\u00e9rer l&rsquo;incertitude avec des outils et des strat\u00e9gies qui permettent aux individus de faire face et de s&rsquo;adapter au changement continu.<\/p>\n<p><strong>2. Gestion du changement : Outils et strat\u00e9gies<\/strong><\/p>\n<p>Le processus de gestion du changement doit \u00eatre structur\u00e9 et holistique, de la planification \u00e0 la mise en \u0153uvre effective. Des mod\u00e8les tels que celui de <strong> John Kotter de la Harvard Business School<\/strong> proposent des principes et des \u00e9tapes qui facilitent ce processus, en mettant l&rsquo;accent sur le besoin d&rsquo;inclusion et de soutien \u00e0 tous les niveaux de l&rsquo;organisation. <\/p>\n<p><strong>Principes de la gestion du changement selon Kotter<\/strong><\/p>\n<p>Kotter propose quatre principes fondamentaux pour une gestion efficace du changement :<\/p>\n<ul>\n<li><strong>Quelques personnes choisies + la diversit\u00e9 du plus grand nombre :<\/strong> Il est essentiel d&rsquo;impliquer l&rsquo;ensemble de l&rsquo;organisation dans le changement, et pas seulement un petit groupe de dirigeants tri\u00e9s sur le volet.<\/li>\n<li><strong>Devoir + Vouloir : <\/strong> Faire passer la perception du changement d&rsquo;une obligation \u00e0 un d\u00e9sir.<\/li>\n<li><strong>T\u00eate + c\u0153ur : <\/strong> Faire appel \u00e0 la logique et aux donn\u00e9es autant qu&rsquo;aux \u00e9motions et aux d\u00e9sirs personnels.<\/li>\n<li><strong>Management + Leadership : <\/strong> Combiner les comp\u00e9tences techniques en mati\u00e8re de gestion avec la capacit\u00e9 d&rsquo;inspirer et de motiver.<\/li>\n<\/ul>\n<\/div>\n<p><strong>Phases de changement et retour sur investissement<\/strong><\/p>\n<p>Le processus de gestion du changement passe par plusieurs phases, du choc initial \u00e0 la consolidation et \u00e0 la mise en \u0153uvre finale. La mise en \u0153uvre d&rsquo;un processus de gestion du changement efficace peut augmenter de mani\u00e8re significative la probabilit\u00e9 d&rsquo;atteindre vos objectifs. <\/p>\n\t\t\t\t\t\t\t\t<\/div>\n\t\t\t\t<\/div>\n\t\t<div class=\"elementor-element elementor-element-764ef3f e-con-full e-flex e-con e-child\" data-id=\"764ef3f\" data-element_type=\"container\" data-e-type=\"container\">\n\t\t\t\t<div class=\"elementor-element elementor-element-9cc4fdf elementor-widget elementor-widget-image\" data-id=\"9cc4fdf\" data-element_type=\"widget\" data-e-type=\"widget\" data-widget_type=\"image.default\">\n\t\t\t\t<div class=\"elementor-widget-container\">\n\t\t\t\t\t\t\t\t\t\t\t\t\t\t\t<img decoding=\"async\" width=\"800\" height=\"237\" src=\"https:\/\/bicg.com\/wp-content\/uploads\/2024\/07\/IMG02-1024x303.png\" class=\"attachment-large size-large wp-image-5093\" alt=\"\" srcset=\"https:\/\/bicg.com\/wp-content\/uploads\/2024\/07\/IMG02-1024x303.png 1024w, https:\/\/bicg.com\/wp-content\/uploads\/2024\/07\/IMG02-300x89.png 300w, https:\/\/bicg.com\/wp-content\/uploads\/2024\/07\/IMG02-768x227.png 768w, https:\/\/bicg.com\/wp-content\/uploads\/2024\/07\/IMG02-1536x454.png 1536w, https:\/\/bicg.com\/wp-content\/uploads\/2024\/07\/IMG02-2048x606.png 2048w\" sizes=\"(max-width: 800px) 100vw, 800px\" \/>\t\t\t\t\t\t\t\t\t\t\t\t\t\t\t<\/div>\n\t\t\t\t<\/div>\n\t\t\t\t<div class=\"elementor-element elementor-element-29d724d elementor-widget elementor-widget-text-editor\" data-id=\"29d724d\" data-element_type=\"widget\" data-e-type=\"widget\" data-widget_type=\"text-editor.default\">\n\t\t\t\t<div class=\"elementor-widget-container\">\n\t\t\t\t\t\t\t\t\t<div class=\"reader-article-content reader-article-content--content-blocks\" dir=\"ltr\">\n<p>Figure 2: La gestion du changement comme facteur de r\u00e9ussite. Source : IAO Fraunhofer, Allemagne  <\/p>\n<\/div>\n\t\t\t\t\t\t\t\t<\/div>\n\t\t\t\t<\/div>\n\t\t\t\t<\/div>\n\t\t\t\t<div class=\"elementor-element elementor-element-9bc431f elementor-widget elementor-widget-text-editor\" data-id=\"9bc431f\" data-element_type=\"widget\" data-e-type=\"widget\" data-widget_type=\"text-editor.default\">\n\t\t\t\t<div class=\"elementor-widget-container\">\n\t\t\t\t\t\t\t\t\t<p><strong>Mythes et pratiques efficaces<\/strong><\/p>\n<p>Il est essentiel d&rsquo;avoir le soutien actif de la Direction, d&rsquo;impliquer tous les niveaux de l&rsquo;organisation et de g\u00e9rer les attentes par une communication claire et transparente.<\/p>\n<p><strong> <\/strong>La gestion du changement n&rsquo;est pas seulement une n\u00e9cessit\u00e9 op\u00e9rationnelle, mais une strat\u00e9gie holistique qui doit \u00eatre profond\u00e9ment humaine et prendre en compte les besoins organisationnels et personnels. Les organisations qui adoptent ces principes et ces strat\u00e9gies sont non seulement mieux \u00e9quip\u00e9es pour relever les d\u00e9fis d&rsquo;aujourd&rsquo;hui, mais elles sont \u00e9galement en mesure de prosp\u00e9rer dans un environnement mondial en constante \u00e9volution. <\/p>\n<p><strong>D\u00e9calogue de la r\u00e9ussite<\/strong><\/p>\n<p>Enfin, un d\u00e9calogue de la r\u00e9ussite pourrait r\u00e9sumer les grands principes d&rsquo;accompagnement du changement dans une organisation, depuis la garantie d&rsquo;un leadership engag\u00e9 jusqu&rsquo;au maintien d&rsquo;une communication active et transparente avec toutes les parties prenantes.<\/p>\n\t\t\t\t\t\t\t\t<\/div>\n\t\t\t\t<\/div>\n\t\t\t\t<div class=\"elementor-element elementor-element-ca47cb3 elementor-widget-divider--view-line elementor-widget elementor-widget-divider\" data-id=\"ca47cb3\" data-element_type=\"widget\" data-e-type=\"widget\" data-widget_type=\"divider.default\">\n\t\t\t\t<div class=\"elementor-widget-container\">\n\t\t\t\t\t\t\t<div class=\"elementor-divider\">\n\t\t\t<span class=\"elementor-divider-separator\">\n\t\t\t\t\t\t<\/span>\n\t\t<\/div>\n\t\t\t\t\t\t<\/div>\n\t\t\t\t<\/div>\n\t\t\t\t<div class=\"elementor-element elementor-element-344e343 elementor-widget elementor-widget-text-editor\" data-id=\"344e343\" data-element_type=\"widget\" data-e-type=\"widget\" data-widget_type=\"text-editor.default\">\n\t\t\t\t<div class=\"elementor-widget-container\">\n\t\t\t\t\t\t\t\t\t<p><strong>3. D\u00e9calogue du processus de changement :<\/strong><\/p>\n<ol>\n<li><strong>Obtenir le meilleur parrainage : <\/strong> L&rsquo;engagement doit commencer au sommet. Convainquez les cadres sup\u00e9rieurs de l&rsquo;importance du changement ; si vous en faites partie, montrez l&rsquo;exemple. Un bon sponsor est essentiel \u00e0 la r\u00e9ussite du changement.  <\/li>\n<li><strong>D\u00e9finir et communiquer l&rsquo;objectif : <\/strong> il ne suffit pas d&rsquo;annoncer le changement, il est essentiel que chacun en comprenne la raison. Approfondissez le pourquoi du changement et transmettez une vision qui inspire et motive tout le monde \u00e0 y croire et \u00e0 y participer activement. <\/li>\n<li><strong>Impliquer activement tout le monde : <\/strong> Veillez \u00e0 ce que les bonnes personnes et les domaines concern\u00e9s soient inclus d\u00e8s le d\u00e9part. La participation directe \u00e0 la prise de d\u00e9cision et \u00e0 la conception du changement non seulement enrichit le processus, mais renforce \u00e9galement l&rsquo;engagement. <\/li>\n<li><strong>Pratiquez l&rsquo;\u00e9coute active : <\/strong> \u00c9couter, c&rsquo;est plus qu&rsquo;entendre. Mettez en \u0153uvre des niveaux d&rsquo;\u00e9coute qui permettent d&rsquo;entrer v\u00e9ritablement en contact avec les autres, de comprendre leurs pr\u00e9occupations et d&rsquo;appr\u00e9cier leur contribution. Ne jamais supposer ; toujours v\u00e9rifier et reconna\u00eetre.  <\/li>\n<li><strong>Trouver et cultiver des alli\u00e9s strat\u00e9giques : <\/strong> Identifiez et entretenez des relations avec ceux qui, au sein de vos \u00e9quipes, peuvent agir comme des multiplicateurs de votre message. Ces alli\u00e9s seront essentiels pour encourager et soutenir le changement dans l&rsquo;ensemble de l&rsquo;organisation. <\/li>\n<li><strong>Restez coh\u00e9rent : <\/strong> Alignez vos paroles sur vos actes. La coh\u00e9rence entre ce que vous dites et ce que vous faites est essentielle pour gagner et conserver la confiance de toutes les personnes concern\u00e9es. <\/li>\n<li><strong>Fixez des objectifs modestes et r\u00e9alistes : <\/strong> D\u00e9composez le changement en objectifs plus petits et plus faciles \u00e0 g\u00e9rer, qui peuvent \u00eatre atteints \u00e9tape par \u00e9tape. Cela facilitera non seulement la gestion du changement, mais permettra \u00e9galement d&rsquo;obtenir des r\u00e9sultats pr\u00e9liminaires qui motiveront l&rsquo;\u00e9quipe. <\/li>\n<li><strong>Susciter l&rsquo;urgence et l&rsquo;enthousiasme : <\/strong> Cultiver un sentiment d&rsquo;urgence qui mobilise les gens pour qu&rsquo;ils agissent. L&rsquo;enthousiasme est contagieux ; utilisez-le pour conduire le changement de mani\u00e8re positive et dynamique. <\/li>\n<li><strong>Une communication active et transparente : <\/strong> Gardez les lignes de communication ouvertes et claires. Veillez \u00e0 ce que toutes les personnes concern\u00e9es soient inform\u00e9es des progr\u00e8s et des d\u00e9fis du processus de changement. La transparence minimise les malentendus et r\u00e9duit les r\u00e9sistances.  <\/li>\n<li><strong>Faire preuve de patience et de pers\u00e9v\u00e9rance : <\/strong> Les changements significatifs sont rarement imm\u00e9diats. Pr\u00e9parez-vous \u00e0 un processus qui exigera de la patience et de la d\u00e9termination. Pers\u00e9v\u00e9rez face aux d\u00e9fis et maintenez le cap avec un engagement in\u00e9branlable envers l&rsquo;objectif final.  <\/li>\n<\/ol>\n<p>Cet article, en explorant les th\u00e9ories et les pratiques, cherche \u00e0 offrir un guide solide aux organisations pour leur permettre de naviguer dans les eaux turbulentes du changement avec confiance et efficacit\u00e9.<\/p>\n<p><em>&#8211; Alejandra Mart\u00ednez Boluda<\/em><\/p>\n\t\t\t\t\t\t\t\t<\/div>\n\t\t\t\t<\/div>\n\t\t\t\t\t<\/div>\n\t\t\t\t<\/div>\n\t\t\t\t\t<\/div>\n\t\t\t\t<\/div>\n\t\t\t\t<\/div>\n\t\t","protected":false},"excerpt":{"rendered":"<p>&#8211; Alejandra Mart\u00ednez Boluda, Directeur g\u00e9n\u00e9ral chez bicg. Qu&rsquo;est-ce que le changement ? Dans un monde marqu\u00e9 par une rapidit\u00e9 et une volatilit\u00e9 sans pr\u00e9c\u00e9dent, la capacit\u00e9 \u00e0 s&rsquo;adapter au changement est non seulement souhaitable, mais essentielle \u00e0 la survie et \u00e0 la prosp\u00e9rit\u00e9 de toute organisation. Ce besoin d&rsquo;adaptation, profond\u00e9ment ancr\u00e9 dans l&rsquo;histoire de [&hellip;]<\/p>\n","protected":false},"author":1,"featured_media":8557,"comment_status":"closed","ping_status":"closed","sticky":false,"template":"","format":"standard","meta":{"footnotes":""},"categories":[93],"tags":[],"class_list":["post-5117","post","type-post","status-publish","format-standard","has-post-thumbnail","hentry","category-perspectives"],"_links":{"self":[{"href":"https:\/\/bicg.com\/fr\/wp-json\/wp\/v2\/posts\/5117","targetHints":{"allow":["GET"]}}],"collection":[{"href":"https:\/\/bicg.com\/fr\/wp-json\/wp\/v2\/posts"}],"about":[{"href":"https:\/\/bicg.com\/fr\/wp-json\/wp\/v2\/types\/post"}],"author":[{"embeddable":true,"href":"https:\/\/bicg.com\/fr\/wp-json\/wp\/v2\/users\/1"}],"replies":[{"embeddable":true,"href":"https:\/\/bicg.com\/fr\/wp-json\/wp\/v2\/comments?post=5117"}],"version-history":[{"count":5,"href":"https:\/\/bicg.com\/fr\/wp-json\/wp\/v2\/posts\/5117\/revisions"}],"predecessor-version":[{"id":9312,"href":"https:\/\/bicg.com\/fr\/wp-json\/wp\/v2\/posts\/5117\/revisions\/9312"}],"wp:featuredmedia":[{"embeddable":true,"href":"https:\/\/bicg.com\/fr\/wp-json\/wp\/v2\/media\/8557"}],"wp:attachment":[{"href":"https:\/\/bicg.com\/fr\/wp-json\/wp\/v2\/media?parent=5117"}],"wp:term":[{"taxonomy":"category","embeddable":true,"href":"https:\/\/bicg.com\/fr\/wp-json\/wp\/v2\/categories?post=5117"},{"taxonomy":"post_tag","embeddable":true,"href":"https:\/\/bicg.com\/fr\/wp-json\/wp\/v2\/tags?post=5117"}],"curies":[{"name":"wp","href":"https:\/\/api.w.org\/{rel}","templated":true}]}}