{"id":9564,"date":"2025-04-04T10:54:45","date_gmt":"2025-04-04T08:54:45","guid":{"rendered":"https:\/\/bicg.com\/?p=9564"},"modified":"2025-04-04T11:26:38","modified_gmt":"2025-04-04T09:26:38","slug":"artikel-wie-samsung-und-nestle-fachkraefte-in-die-bueros-locken-frankfurter-allgemeine","status":"publish","type":"post","link":"https:\/\/bicg.com\/de\/artikel-wie-samsung-und-nestle-fachkraefte-in-die-bueros-locken-frankfurter-allgemeine\/","title":{"rendered":"Artikel: Wie Samsung und Nestl\u00e9 Fachkr\u00e4fte in die B\u00fcros locken &#8211; Frankfurter Allgemeine"},"content":{"rendered":"\t\t<div data-elementor-type=\"wp-post\" data-elementor-id=\"9564\" class=\"elementor elementor-9564\" data-elementor-post-type=\"post\">\n\t\t\t\t\t\t<section class=\"elementor-section elementor-top-section elementor-element elementor-element-0f6537b elementor-section-boxed elementor-section-height-default elementor-section-height-default\" data-id=\"0f6537b\" data-element_type=\"section\" data-e-type=\"section\">\n\t\t\t\t\t\t<div class=\"elementor-container elementor-column-gap-default\">\n\t\t\t\t\t\t<\/div>\n\t\t<\/section>\n\t\t<div class=\"elementor-element elementor-element-18c376c e-flex e-con-boxed e-con e-parent\" data-id=\"18c376c\" data-element_type=\"container\" data-e-type=\"container\">\n\t\t\t\t\t<div class=\"e-con-inner\">\n\t\t<div class=\"elementor-element elementor-element-9888493 e-flex e-con-boxed e-con e-child\" data-id=\"9888493\" data-element_type=\"container\" data-e-type=\"container\">\n\t\t\t\t\t<div class=\"e-con-inner\">\n\t\t\t\t<div class=\"elementor-element elementor-element-8ade165 elementor-widget elementor-widget-text-editor\" data-id=\"8ade165\" data-element_type=\"widget\" data-e-type=\"widget\" data-widget_type=\"text-editor.default\">\n\t\t\t\t<div class=\"elementor-widget-container\">\n\t\t\t\t\t\t\t\t\t<p>Entdecken Sie, wie Samsung und Nestl\u00e9 ihre B\u00fcror\u00e4ume umgestalten, um Top-Talente anzuziehen und das Mitarbeitererlebnis zu verbessern. Von Samsungs innovativer Zentrale in Eschborn bis hin zu Nestl\u00e9s zug\u00e4nglichem und synergetischem B\u00fcro in Frankfurt \u2013 erfahren Sie, wie modernes Design und nachhaltige Elemente flexible und hybride Arbeitsumgebungen schaffen. Klicken Sie hier, um mehr \u00fcber die Kollaborationszonen, die App-basierte Arbeitsplatzbuchung und die Einbindung der Mitarbeiter in die Planung dieser hochmodernen B\u00fcros zu erfahren.<\/p>\t\t\t\t\t\t\t\t<\/div>\n\t\t\t\t<\/div>\n\t\t\t\t<div class=\"elementor-element elementor-element-a573ddb elementor-widget elementor-widget-spacer\" data-id=\"a573ddb\" data-element_type=\"widget\" data-e-type=\"widget\" data-widget_type=\"spacer.default\">\n\t\t\t\t<div class=\"elementor-widget-container\">\n\t\t\t\t\t\t\t<div class=\"elementor-spacer\">\n\t\t\t<div class=\"elementor-spacer-inner\"><\/div>\n\t\t<\/div>\n\t\t\t\t\t\t<\/div>\n\t\t\t\t<\/div>\n\t\t\t\t<div class=\"elementor-element elementor-element-df59e02 elementor-widget elementor-widget-heading\" data-id=\"df59e02\" data-element_type=\"widget\" data-e-type=\"widget\" data-widget_type=\"heading.default\">\n\t\t\t\t<div class=\"elementor-widget-container\">\n\t\t\t\t\t<h2 class=\"elementor-heading-title elementor-size-default\"><a href=\"https:\/\/www.faz.net\/aktuell\/rhein-main\/wirtschaft\/wie-samsung-und-nestle-mit-modernen-bueros-fachkraefte-locken-110308583.html\" target=\"_blank\">Vollst\u00e4ndigen Artikel lesen &gt;<\/a><\/h2>\t\t\t\t<\/div>\n\t\t\t\t<\/div>\n\t\t\t\t\t<\/div>\n\t\t\t\t<\/div>\n\t\t<div class=\"elementor-element elementor-element-027106b e-flex e-con-boxed e-con e-child\" data-id=\"027106b\" data-element_type=\"container\" data-e-type=\"container\">\n\t\t\t\t\t<div class=\"e-con-inner\">\n\t\t\t\t<div class=\"elementor-element elementor-element-1e8da5c elementor-widget elementor-widget-theme-post-featured-image elementor-widget-image\" data-id=\"1e8da5c\" data-element_type=\"widget\" data-e-type=\"widget\" data-widget_type=\"theme-post-featured-image.default\">\n\t\t\t\t<div class=\"elementor-widget-container\">\n\t\t\t\t\t\t\t\t\t\t\t\t\t\t\t\t<a href=\"https:\/\/www.faz.net\/aktuell\/rhein-main\/wirtschaft\/wie-samsung-und-nestle-mit-modernen-bueros-fachkraefte-locken-110308583.html\">\n\t\t\t\t\t\t\t<img fetchpriority=\"high\" decoding=\"async\" width=\"521\" height=\"521\" src=\"https:\/\/bicg.com\/wp-content\/uploads\/2025\/04\/Articulo-Inaki.png\" class=\"attachment-full size-full wp-image-9569\" alt=\"\" srcset=\"https:\/\/bicg.com\/wp-content\/uploads\/2025\/04\/Articulo-Inaki.png 521w, https:\/\/bicg.com\/wp-content\/uploads\/2025\/04\/Articulo-Inaki-300x300.png 300w, https:\/\/bicg.com\/wp-content\/uploads\/2025\/04\/Articulo-Inaki-150x150.png 150w\" sizes=\"(max-width: 521px) 100vw, 521px\" \/>\t\t\t\t\t\t\t\t<\/a>\n\t\t\t\t\t\t\t\t\t\t\t\t\t\t\t<\/div>\n\t\t\t\t<\/div>\n\t\t\t\t\t<\/div>\n\t\t\t\t<\/div>\n\t\t\t\t\t<\/div>\n\t\t\t\t<\/div>\n\t\t\t\t<\/div>\n\t\t","protected":false},"excerpt":{"rendered":"<p>Entdecken Sie, wie Samsung und Nestl\u00e9 ihre B\u00fcror\u00e4ume umgestalten, um Top-Talente anzuziehen und das Mitarbeitererlebnis zu verbessern. Von Samsungs innovativer Zentrale in Eschborn bis hin zu Nestl\u00e9s zug\u00e4nglichem und synergetischem B\u00fcro in Frankfurt \u2013 erfahren Sie, wie modernes Design und nachhaltige Elemente flexible und hybride Arbeitsumgebungen schaffen. Klicken Sie hier, um mehr \u00fcber die Kollaborationszonen, [&hellip;]<\/p>\n","protected":false},"author":1,"featured_media":9569,"comment_status":"closed","ping_status":"closed","sticky":false,"template":"","format":"standard","meta":{"footnotes":""},"categories":[153],"tags":[],"class_list":["post-9564","post","type-post","status-publish","format-standard","has-post-thumbnail","hentry","category-medien"],"_links":{"self":[{"href":"https:\/\/bicg.com\/de\/wp-json\/wp\/v2\/posts\/9564","targetHints":{"allow":["GET"]}}],"collection":[{"href":"https:\/\/bicg.com\/de\/wp-json\/wp\/v2\/posts"}],"about":[{"href":"https:\/\/bicg.com\/de\/wp-json\/wp\/v2\/types\/post"}],"author":[{"embeddable":true,"href":"https:\/\/bicg.com\/de\/wp-json\/wp\/v2\/users\/1"}],"replies":[{"embeddable":true,"href":"https:\/\/bicg.com\/de\/wp-json\/wp\/v2\/comments?post=9564"}],"version-history":[{"count":10,"href":"https:\/\/bicg.com\/de\/wp-json\/wp\/v2\/posts\/9564\/revisions"}],"predecessor-version":[{"id":9578,"href":"https:\/\/bicg.com\/de\/wp-json\/wp\/v2\/posts\/9564\/revisions\/9578"}],"wp:featuredmedia":[{"embeddable":true,"href":"https:\/\/bicg.com\/de\/wp-json\/wp\/v2\/media\/9569"}],"wp:attachment":[{"href":"https:\/\/bicg.com\/de\/wp-json\/wp\/v2\/media?parent=9564"}],"wp:term":[{"taxonomy":"category","embeddable":true,"href":"https:\/\/bicg.com\/de\/wp-json\/wp\/v2\/categories?post=9564"},{"taxonomy":"post_tag","embeddable":true,"href":"https:\/\/bicg.com\/de\/wp-json\/wp\/v2\/tags?post=9564"}],"curies":[{"name":"wp","href":"https:\/\/api.w.org\/{rel}","templated":true}]}}