{"id":9062,"date":"2025-03-13T23:35:10","date_gmt":"2025-03-13T22:35:10","guid":{"rendered":"https:\/\/bicg.com\/podcast-fuehren-der-transformation-des-arbeitsplatzes-fuehrung-kultur-und-die-zukunft-der-arbeit\/"},"modified":"2025-03-27T12:44:31","modified_gmt":"2025-03-27T11:44:31","slug":"podcast-fuehren-der-transformation-des-arbeitsplatzes-fuehrung-kultur-und-die-zukunft-der-arbeit","status":"publish","type":"post","link":"https:\/\/bicg.com\/de\/podcast-fuehren-der-transformation-des-arbeitsplatzes-fuehrung-kultur-und-die-zukunft-der-arbeit\/","title":{"rendered":"Podcast: F\u00fchren der Transformation des Arbeitsplatzes: F\u00fchrung, Kultur und die Zukunft der Arbeit."},"content":{"rendered":"\t\t<div data-elementor-type=\"wp-post\" data-elementor-id=\"9062\" class=\"elementor elementor-9062 elementor-9053\" data-elementor-post-type=\"post\">\n\t\t\t\t\t\t<section class=\"elementor-section elementor-top-section elementor-element elementor-element-0f6537b elementor-section-boxed elementor-section-height-default elementor-section-height-default\" data-id=\"0f6537b\" data-element_type=\"section\" data-e-type=\"section\">\n\t\t\t\t\t\t<div class=\"elementor-container elementor-column-gap-default\">\n\t\t\t\t\t\t<\/div>\n\t\t<\/section>\n\t\t<div class=\"elementor-element elementor-element-18c376c e-flex e-con-boxed e-con e-parent\" data-id=\"18c376c\" data-element_type=\"container\" data-e-type=\"container\">\n\t\t\t\t\t<div class=\"e-con-inner\">\n\t\t\t\t<div class=\"elementor-element elementor-element-8ade165 elementor-widget elementor-widget-text-editor\" data-id=\"8ade165\" data-element_type=\"widget\" data-e-type=\"widget\" data-widget_type=\"text-editor.default\">\n\t\t\t\t<div class=\"elementor-widget-container\">\n\t\t\t\t\t\t\t\t\t<p>In dieser Folge des Jenoir Leadership Podcast (mit Christian Clement-Schlimm und Dirk Schlimm) gibt Alejandra Mart\u00ednez Boluda, Gesch\u00e4ftsf\u00fchrerin von bicg, Einblicke in die Transformation von Arbeit und F\u00fchrung in Zeiten des Wandels.<\/p>\n<p>Sie stellt die Debatte \u00fcber der R\u00fcckkehr ins B\u00fcro infrage und argumentiert, dass es nicht um den Standort geht, sondern um die Neudefinition von Arbeitsr\u00e4umen zur F\u00f6rderung von Kreativit\u00e4t, Produktivit\u00e4t und Zusammenarbeit.<\/p>\n<p>Alejandra untersucht auch die Rolle der F\u00fchrungskr\u00e4fte in unsicheren Umgebungen und hebt die Bedeutung von Klarheit, Empathie und Anpassungsf\u00e4higkeit hervor. Sie betont, dass das mittel Management ein wichtiger Motor f\u00fcr den kulturellen Wandel ist. <\/p>\n<p>Ein weiteres zentrales Thema ist Liquid Real Estate, eine neue Art der Gestaltung flexibler Arbeitsr\u00e4ume, die sich mithilfe von Technologie an die Bed\u00fcrfnisse der Mitarbeiter anpassen.<\/p>\n<p>Schlie\u00dflich er\u00f6rtert sie, wie KI und Automatisierung die Zukunft der Arbeit umgestalten und menschliche F\u00e4higkeiten wertvoller denn je machen. Sie betont die Notwendigkeit, Mitarbeiter- und Kundenerfahrungen zu integrieren, um eine einheitliche Unternehmenskultur zu schaffen. <\/p>\n<p>Ein Muss f\u00fcr alle, die den Wandel in ihren Unternehmen vorantreiben.<\/p>\n<p>(idioma: espa\u00f1ol)<\/p>\n\t\t\t\t\t\t\t\t<\/div>\n\t\t\t\t<\/div>\n\t\t\t\t<div class=\"elementor-element elementor-element-b71c1a0 elementor-widget elementor-widget-spacer\" data-id=\"b71c1a0\" data-element_type=\"widget\" data-e-type=\"widget\" data-widget_type=\"spacer.default\">\n\t\t\t\t<div class=\"elementor-widget-container\">\n\t\t\t\t\t\t\t<div class=\"elementor-spacer\">\n\t\t\t<div class=\"elementor-spacer-inner\"><\/div>\n\t\t<\/div>\n\t\t\t\t\t\t<\/div>\n\t\t\t\t<\/div>\n\t\t<div class=\"elementor-element elementor-element-e6b9c57 e-grid e-con-boxed e-con e-child\" data-id=\"e6b9c57\" data-element_type=\"container\" data-e-type=\"container\">\n\t\t\t\t\t<div class=\"e-con-inner\">\n\t\t\t\t<div class=\"elementor-element elementor-element-5559b4b elementor-position-top elementor-widget elementor-widget-image-box\" data-id=\"5559b4b\" data-element_type=\"widget\" data-e-type=\"widget\" data-widget_type=\"image-box.default\">\n\t\t\t\t<div class=\"elementor-widget-container\">\n\t\t\t\t\t<div class=\"elementor-image-box-wrapper\"><figure class=\"elementor-image-box-img\"><a href=\"https:\/\/open.spotify.com\/episode\/3lXdfGV4BEYko9JpsLs5v3?si=bfd6eb2a1b254189\" target=\"_blank\" tabindex=\"-1\"><img decoding=\"async\" width=\"150\" height=\"150\" src=\"https:\/\/bicg.com\/wp-content\/uploads\/2024\/01\/Spotify-logo-150x150.png\" class=\"elementor-animation-grow attachment-thumbnail size-thumbnail wp-image-1879\" alt=\"\" \/><\/a><\/figure><div class=\"elementor-image-box-content\"><h3 class=\"elementor-image-box-title\"><a href=\"https:\/\/open.spotify.com\/episode\/3lXdfGV4BEYko9JpsLs5v3?si=bfd6eb2a1b254189\" target=\"_blank\">Spotify<\/a><\/h3><p class=\"elementor-image-box-description\">Part 1<\/p><\/div><\/div>\t\t\t\t<\/div>\n\t\t\t\t<\/div>\n\t\t\t\t<div class=\"elementor-element elementor-element-5ae9a40 elementor-position-top elementor-widget elementor-widget-image-box\" data-id=\"5ae9a40\" data-element_type=\"widget\" data-e-type=\"widget\" data-widget_type=\"image-box.default\">\n\t\t\t\t<div class=\"elementor-widget-container\">\n\t\t\t\t\t<div class=\"elementor-image-box-wrapper\"><figure class=\"elementor-image-box-img\"><a href=\"https:\/\/open.spotify.com\/episode\/2xeToMWjtM5oeBex6bo9cL?si=3904eb6ab37847ca\" target=\"_blank\" tabindex=\"-1\"><img decoding=\"async\" width=\"150\" height=\"150\" src=\"https:\/\/bicg.com\/wp-content\/uploads\/2024\/01\/Spotify-logo-150x150.png\" class=\"elementor-animation-grow attachment-thumbnail size-thumbnail wp-image-1879\" alt=\"\" \/><\/a><\/figure><div class=\"elementor-image-box-content\"><h3 class=\"elementor-image-box-title\"><a href=\"https:\/\/open.spotify.com\/episode\/2xeToMWjtM5oeBex6bo9cL?si=3904eb6ab37847ca\" target=\"_blank\">Spotify<\/a><\/h3><p class=\"elementor-image-box-description\">Part 2<\/p><\/div><\/div>\t\t\t\t<\/div>\n\t\t\t\t<\/div>\n\t\t\t\t\t<\/div>\n\t\t\t\t<\/div>\n\t\t\t\t<div class=\"elementor-element elementor-element-a7f1aad elementor-widget elementor-widget-spacer\" data-id=\"a7f1aad\" data-element_type=\"widget\" data-e-type=\"widget\" data-widget_type=\"spacer.default\">\n\t\t\t\t<div class=\"elementor-widget-container\">\n\t\t\t\t\t\t\t<div class=\"elementor-spacer\">\n\t\t\t<div class=\"elementor-spacer-inner\"><\/div>\n\t\t<\/div>\n\t\t\t\t\t\t<\/div>\n\t\t\t\t<\/div>\n\t\t\t\t\t<\/div>\n\t\t\t\t<\/div>\n\t\t\t\t<\/div>\n\t\t","protected":false},"excerpt":{"rendered":"<p>In dieser Folge des Jenoir Leadership Podcast (mit Christian Clement-Schlimm und Dirk Schlimm) gibt Alejandra Mart\u00ednez Boluda, Gesch\u00e4ftsf\u00fchrerin von bicg, Einblicke in die Transformation von Arbeit und F\u00fchrung in Zeiten des Wandels. Sie stellt die Debatte \u00fcber der R\u00fcckkehr ins B\u00fcro infrage und argumentiert, dass es nicht um den Standort geht, sondern um die Neudefinition [&hellip;]<\/p>\n","protected":false},"author":6,"featured_media":9368,"comment_status":"closed","ping_status":"closed","sticky":false,"template":"","format":"standard","meta":{"footnotes":""},"categories":[153],"tags":[201],"class_list":["post-9062","post","type-post","status-publish","format-standard","has-post-thumbnail","hentry","category-medien","tag-podcast-de"],"_links":{"self":[{"href":"https:\/\/bicg.com\/de\/wp-json\/wp\/v2\/posts\/9062","targetHints":{"allow":["GET"]}}],"collection":[{"href":"https:\/\/bicg.com\/de\/wp-json\/wp\/v2\/posts"}],"about":[{"href":"https:\/\/bicg.com\/de\/wp-json\/wp\/v2\/types\/post"}],"author":[{"embeddable":true,"href":"https:\/\/bicg.com\/de\/wp-json\/wp\/v2\/users\/6"}],"replies":[{"embeddable":true,"href":"https:\/\/bicg.com\/de\/wp-json\/wp\/v2\/comments?post=9062"}],"version-history":[{"count":2,"href":"https:\/\/bicg.com\/de\/wp-json\/wp\/v2\/posts\/9062\/revisions"}],"predecessor-version":[{"id":9373,"href":"https:\/\/bicg.com\/de\/wp-json\/wp\/v2\/posts\/9062\/revisions\/9373"}],"wp:featuredmedia":[{"embeddable":true,"href":"https:\/\/bicg.com\/de\/wp-json\/wp\/v2\/media\/9368"}],"wp:attachment":[{"href":"https:\/\/bicg.com\/de\/wp-json\/wp\/v2\/media?parent=9062"}],"wp:term":[{"taxonomy":"category","embeddable":true,"href":"https:\/\/bicg.com\/de\/wp-json\/wp\/v2\/categories?post=9062"},{"taxonomy":"post_tag","embeddable":true,"href":"https:\/\/bicg.com\/de\/wp-json\/wp\/v2\/tags?post=9062"}],"curies":[{"name":"wp","href":"https:\/\/api.w.org\/{rel}","templated":true}]}}