{"id":8121,"date":"2024-01-09T19:38:12","date_gmt":"2024-01-09T18:38:12","guid":{"rendered":"https:\/\/bicg.com\/das-sich-weiterentwickelnde-oekosystem-der-industriearbeit-eine-dringende-und-unvermeidliche-herausforderung\/"},"modified":"2025-03-17T16:03:58","modified_gmt":"2025-03-17T15:03:58","slug":"das-sich-weiterentwickelnde-oekosystem-der-industriearbeit-eine-dringende-und-unvermeidliche-herausforderung","status":"publish","type":"post","link":"https:\/\/bicg.com\/de\/das-sich-weiterentwickelnde-oekosystem-der-industriearbeit-eine-dringende-und-unvermeidliche-herausforderung\/","title":{"rendered":"Das sich weiterentwickelnde \u00d6kosystem der Industriearbeit: eine dringende und unvermeidliche Herausforderung"},"content":{"rendered":"\t\t<div data-elementor-type=\"wp-post\" data-elementor-id=\"8121\" class=\"elementor elementor-8121 elementor-1865\" data-elementor-post-type=\"post\">\n\t\t\t\t\t\t<section class=\"elementor-section elementor-top-section elementor-element elementor-element-0f6537b elementor-section-boxed elementor-section-height-default elementor-section-height-default\" data-id=\"0f6537b\" data-element_type=\"section\" data-e-type=\"section\">\n\t\t\t\t\t\t<div class=\"elementor-container elementor-column-gap-default\">\n\t\t\t\t\t\t<\/div>\n\t\t<\/section>\n\t\t<div class=\"elementor-element elementor-element-18c376c e-flex e-con-boxed e-con e-parent\" data-id=\"18c376c\" data-element_type=\"container\" data-e-type=\"container\">\n\t\t\t\t\t<div class=\"e-con-inner\">\n\t\t<div class=\"elementor-element elementor-element-3c6ded3 e-flex e-con-boxed e-con e-child\" data-id=\"3c6ded3\" data-element_type=\"container\" data-e-type=\"container\">\n\t\t\t\t\t<div class=\"e-con-inner\">\n\t\t\t\t<div class=\"elementor-element elementor-element-2e23888 elementor-widget elementor-widget-heading\" data-id=\"2e23888\" data-element_type=\"widget\" data-e-type=\"widget\" data-widget_type=\"heading.default\">\n\t\t\t\t<div class=\"elementor-widget-container\">\n\t\t\t\t\t<h6 class=\"elementor-heading-title elementor-size-default\">- Carlos Lozano Ehlers, Gesch\u00e4ftsf\u00fchrer bei bicg. <\/h6>\t\t\t\t<\/div>\n\t\t\t\t<\/div>\n\t\t\t\t<div class=\"elementor-element elementor-element-8ade165 elementor-widget elementor-widget-text-editor\" data-id=\"8ade165\" data-element_type=\"widget\" data-e-type=\"widget\" data-widget_type=\"text-editor.default\">\n\t\t\t\t<div class=\"elementor-widget-container\">\n\t\t\t\t\t\t\t\t\t<div class=\"reader-article-content reader-article-content--content-blocks\" dir=\"ltr\">\n<div class=\"reader-article-content reader-article-content--content-blocks\" dir=\"ltr\">\n<div class=\"reader-article-content reader-article-content--content-blocks\" dir=\"ltr\">\n<p><em>In einem Umfeld, das von Unsicherheit und intensivem Wettbewerb gepr\u00e4gt ist, ist es f\u00fcr Industrieunternehmen dringender denn je, das Engagement der Mitarbeiter, die Kommunikation, Zusammenarbeit, F\u00fchrung, digitales Empowerment, nachhaltige Zielsetzungen und die kulturelle Integration kontinuierlich zu st\u00e4rken und weiterzuentwickeln.<\/em><\/p>\n<\/div>\n<\/div>\n<\/div>\n\t\t\t\t\t\t\t\t<\/div>\n\t\t\t\t<\/div>\n\t\t\t\t<div class=\"elementor-element elementor-element-afa898e elementor-widget-divider--view-line elementor-widget elementor-widget-divider\" data-id=\"afa898e\" data-element_type=\"widget\" data-e-type=\"widget\" data-widget_type=\"divider.default\">\n\t\t\t\t<div class=\"elementor-widget-container\">\n\t\t\t\t\t\t\t<div class=\"elementor-divider\">\n\t\t\t<span class=\"elementor-divider-separator\">\n\t\t\t\t\t\t<\/span>\n\t\t<\/div>\n\t\t\t\t\t\t<\/div>\n\t\t\t\t<\/div>\n\t\t\t\t<div class=\"elementor-element elementor-element-f2b0a40 elementor-widget elementor-widget-text-editor\" data-id=\"f2b0a40\" data-element_type=\"widget\" data-e-type=\"widget\" data-widget_type=\"text-editor.default\">\n\t\t\t\t<div class=\"elementor-widget-container\">\n\t\t\t\t\t\t\t\t\t<div class=\"reader-article-content reader-article-content--content-blocks\" dir=\"ltr\">\n<div class=\"reader-article-content reader-article-content--content-blocks\" dir=\"ltr\">\n<div class=\"reader-article-content reader-article-content--content-blocks\" dir=\"ltr\">\n<p>In der heutigen Zeit, in der sich alles um die Wettbewerbsf\u00e4higkeit dreht, stehen Industrieunternehmen vor einer Reihe von Herausforderungen, die ein effizientes Management und einen strategischen Ansatz auf allen Organisationsebenen erfordern. Sicherheit, Qualit\u00e4t, Produktivit\u00e4t, Nachhaltigkeit und Rentabilit\u00e4t sind entscheidend f\u00fcr den Erfolg eines Industrieunternehmens. Herausragende Leistungen in diesen Bereichen h\u00e4ngen ma\u00dfgeblich von Faktoren wie dem Engagement der Mitarbeiter, effektiver Kommunikation, Zusammenarbeit, F\u00fchrung, nachhaltiger Zielsetzung, digitalem Empowerment sowie kultureller Integration in Belegschaft und Management ab. <\/p>\n<p>Im Folgenden gehen wir der Reihe nach auf all diese Faktoren ein, beleuchten die Risiken sowie die Bereiche, die es zu entwickeln gilt, um sich im aktuellen Kontext erfolgreich zu behaupten.<\/p>\n<\/div>\n<\/div>\n<\/div>\n\t\t\t\t\t\t\t\t<\/div>\n\t\t\t\t<\/div>\n\t\t\t\t\t<\/div>\n\t\t\t\t<\/div>\n\t\t\t\t\t<\/div>\n\t\t\t\t<\/div>\n\t\t<div class=\"elementor-element elementor-element-432dcd0 e-flex e-con-boxed e-con e-child\" data-id=\"432dcd0\" data-element_type=\"container\" data-e-type=\"container\">\n\t\t\t\t\t<div class=\"e-con-inner\">\n\t\t\t\t<div class=\"elementor-element elementor-element-50fb138 elementor-widget__width-initial elementor-widget elementor-widget-text-editor\" data-id=\"50fb138\" data-element_type=\"widget\" data-e-type=\"widget\" data-widget_type=\"text-editor.default\">\n\t\t\t\t<div class=\"elementor-widget-container\">\n\t\t\t\t\t\t\t\t\t<div class=\"reader-article-content reader-article-content--content-blocks\" dir=\"ltr\">\n<div class=\"reader-article-content reader-article-content--content-blocks\" dir=\"ltr\">\n<p><strong> 1. Motivaci\u00f3n hacia el compromiso: trabajar para mejorar el trabajo <\/strong><\/p>\n<p>Von der Motivation zum Engagement: Arbeiten zur Verbesserung der Arbeit<\/p>\n<p>Die F\u00f6rderung des Engagements der Mitarbeitenden ist f\u00fcr das Erreichen der Unternehmensziele von entscheidender Bedeutung.<br \/>Um das Engagement zu verbessern, sollten Industrieunternehmen Strategien umsetzen, die ein positives Arbeitsumfeld, Anerkennung und berufliche Weiterentwicklung f\u00f6rdern. Hierzu geh\u00f6ren u. a. das Angebot von Schulungs- und Entwicklungsm\u00f6glichkeiten, die F\u00f6rderung einer Kultur der Anerkennung, die Ermutigung zum Ideenaustausch und die Verbesserung der Vereinbarkeit von Beruf und Familie. <\/p>\n<\/div>\n<\/div>\n\t\t\t\t\t\t\t\t<\/div>\n\t\t\t\t<\/div>\n\t\t\t\t<div class=\"elementor-element elementor-element-89995f9 elementor-widget elementor-widget-text-editor\" data-id=\"89995f9\" data-element_type=\"widget\" data-e-type=\"widget\" data-widget_type=\"text-editor.default\">\n\t\t\t\t<div class=\"elementor-widget-container\">\n\t\t\t\t\t\t\t\t\t<div class=\"reader-article-content reader-article-content--content-blocks\" dir=\"ltr\">\n<div class=\"reader-article-content reader-article-content--content-blocks\" dir=\"ltr\">\n<p><strong>2. Umfassende Kommunikation: mehr als nur effektive Kommunikation<\/strong><\/p>\n<p>Effektive Kommunikation ist ein Grundpfeiler jeder Organisation. In industriellen Umgebungen, in denen Sicherheit und Genauigkeit entscheidend sind, kann mangelnde Kommunikation zu Unf\u00e4llen, kostspieligen Fehlern und Produktionsverz\u00f6gerungen f\u00fchren. <\/p>\n<p>Die Implementierung eines umfassenden Kommunikationsmodells auf der Grundlage klarer Kommunikationssysteme und die F\u00f6rderung einer offenen Kommunikation zwischen allen Ebenen der Organisation sind daher von wesentlicher Bedeutung. Hierzu geh\u00f6ren die gezielte Schulung von Kommunikationsf\u00e4higkeiten \u2013 insbesondere f\u00fcr F\u00fchrungskr\u00e4fte \u2013 und der Einsatz von Informationstechnologie zur Erleichterung der Weitergabe von relevanten Informationen. <\/p>\n<\/div>\n<\/div>\n\t\t\t\t\t\t\t\t<\/div>\n\t\t\t\t<\/div>\n\t\t\t\t\t<\/div>\n\t\t\t\t<\/div>\n\t\t<div class=\"elementor-element elementor-element-26d46cd e-flex e-con-boxed e-con e-child\" data-id=\"26d46cd\" data-element_type=\"container\" data-e-type=\"container\">\n\t\t\t\t\t<div class=\"e-con-inner\">\n\t\t\t\t<div class=\"elementor-element elementor-element-703bc09 elementor-widget__width-initial elementor-widget elementor-widget-text-editor\" data-id=\"703bc09\" data-element_type=\"widget\" data-e-type=\"widget\" data-widget_type=\"text-editor.default\">\n\t\t\t\t<div class=\"elementor-widget-container\">\n\t\t\t\t\t\t\t\t\t<div class=\"reader-article-content reader-article-content--content-blocks\" dir=\"ltr\">\n<div class=\"reader-article-content reader-article-content--content-blocks\" dir=\"ltr\">\n<p><strong> 3. Abteilungs\u00fcbergreifende Zusammenarbeit: wenn die Verbindungen getrennt sind <\/strong><\/p>\n<p>Abteilungs\u00fcbergreifende Zusammenarbeit: wenn die Verbindungen getrennt sind<br \/>Die abteilungs\u00fcbergreifende Zusammenarbeit verbessert die Effizienz und Qualit\u00e4t der Produktion. <\/p>\n<p>Organisatorische Silos k\u00f6nnen den Informationsfluss behindern und die Probleml\u00f6sung erschweren.<br \/>Zur Optimierung von Prozessen sollten funktions\u00fcbergreifende Teams gebildet und die bereichs\u00fcbergreifende Interaktion gef\u00f6rdert werden. Dies f\u00fchrt zu einer verbesserten Koordination, erleichtert die Identifizierung von Verbesserungspotenzialen und steigert die Effizienz der Abl\u00e4ufe. <\/p>\n<\/div>\n<\/div>\n\t\t\t\t\t\t\t\t<\/div>\n\t\t\t\t<\/div>\n\t\t\t\t<div class=\"elementor-element elementor-element-fdda0b8 elementor-widget elementor-widget-text-editor\" data-id=\"fdda0b8\" data-element_type=\"widget\" data-e-type=\"widget\" data-widget_type=\"text-editor.default\">\n\t\t\t\t<div class=\"elementor-widget-container\">\n\t\t\t\t\t\t\t\t\t<div class=\"reader-article-content reader-article-content--content-blocks\" dir=\"ltr\">\n<div class=\"reader-article-content reader-article-content--content-blocks\" dir=\"ltr\">\n<p><strong>4. Effektive und menschliche F\u00fchrung<\/strong><\/p>\n<p>Eine gute F\u00fchrung ist unerl\u00e4sslich, um das Team zum Erfolg zu f\u00fchren, insbesondere in Fragen der Sicherheit und Qualit\u00e4t. F\u00fchrungskr\u00e4fte m\u00fcssen sowohl sachkundig als auch inspirierend sein und bereit, bei Bedarf schwierige Entscheidungen zu treffen. <\/p>\n<p>Unternehmen sollten daher in die Entwicklung von F\u00fchrungskompetenzen investieren, interne F\u00fchrungstalente identifizieren und f\u00f6rdern sowie sicherstellen, dass die F\u00fchrungskr\u00e4fte mit der Vision und den Werten der Organisation \u00fcbereinstimmen.<\/p>\n<\/div>\n<\/div>\n\t\t\t\t\t\t\t\t<\/div>\n\t\t\t\t<\/div>\n\t\t\t\t\t<\/div>\n\t\t\t\t<\/div>\n\t\t<div class=\"elementor-element elementor-element-eac3876 e-flex e-con-boxed e-con e-child\" data-id=\"eac3876\" data-element_type=\"container\" data-e-type=\"container\">\n\t\t\t\t\t<div class=\"e-con-inner\">\n\t\t\t\t<div class=\"elementor-element elementor-element-0b54961 elementor-widget__width-initial elementor-widget elementor-widget-text-editor\" data-id=\"0b54961\" data-element_type=\"widget\" data-e-type=\"widget\" data-widget_type=\"text-editor.default\">\n\t\t\t\t<div class=\"elementor-widget-container\">\n\t\t\t\t\t\t\t\t\t<div class=\"reader-article-content reader-article-content--content-blocks\" dir=\"ltr\">\n<div class=\"reader-article-content reader-article-content--content-blocks\" dir=\"ltr\">\n<p><strong>5. Digitale Kultur: die Entstehung des One-Collar-Profils<\/strong><\/p>\n<p>Die Robotisierung von Produktionssystemen, der Einsatz generativer KI in Managementbereichen, die zunehmende N\u00e4he zwischen Management und Produktion durch integrierte digitale Plattformen sowie die Einf\u00fchrung der additiven Fertigung f\u00fchren zu einer immer engeren Verzahnung der sogenannten Blue-Collar- und White-Collar-Berufe. Dies schafft ein neues Berufsbild im industriellen Umfeld: Fachkr\u00e4fte, die vielseitiger und digitaler arbeiten. Dieses neue Profil bezeichnen wir als One-Collar. <\/p>\n<p>Deshalb wird es immer notwendiger, alle Fachkr\u00e4fte im Umgang mit digitalen Werkzeugen zu schulen und ihre F\u00e4higkeiten in diesem Bereich zu entwickeln. Es geht aber nicht nur um die Schulung an digitalen Ger\u00e4ten, Anwendungen und Systemen. Eine erfolgreiche Implementierung erfordert einen umfassenderen Ansatz, der die Entwicklung von Skills, die technologische Integration, organisatorische Ver\u00e4nderungen und die Schaffung innovativer \u00d6kosysteme umfasst. Mit anderen Worten: die Entwicklung einer echten digitalen Kultur.   <\/p>\n<\/div>\n<\/div>\n\t\t\t\t\t\t\t\t<\/div>\n\t\t\t\t<\/div>\n\t\t\t\t<div class=\"elementor-element elementor-element-7823b2b elementor-widget elementor-widget-text-editor\" data-id=\"7823b2b\" data-element_type=\"widget\" data-e-type=\"widget\" data-widget_type=\"text-editor.default\">\n\t\t\t\t<div class=\"elementor-widget-container\">\n\t\t\t\t\t\t\t\t\t<div class=\"reader-article-content reader-article-content--content-blocks\" dir=\"ltr\">\n<div class=\"reader-article-content reader-article-content--content-blocks\" dir=\"ltr\">\n<p><strong>6. Kulturelle Integration und Nachhaltigkeit<\/strong><\/p>\n<p>Die kulturelle Integration ist das Fundament, das all diese Aspekte zusammenh\u00e4lt. Eine starke und koh\u00e4rente Organisationskultur bietet einen Rahmen f\u00fcr Entscheidungsfindung, Verhalten und Identifikation mit dem Unternehmen. Industrieunternehmen m\u00fcssen an der Entwicklung und Aufrechterhaltung einer Kultur arbeiten, die Verantwortung, Sicherheit, Innovation und Spitzenleistungen f\u00f6rdert. Dies beinhaltet die klare Definition von Unternehmenswerten, die F\u00f6rderung von Vielfalt und Integration sowie die aktive Einbeziehung aller Mitarbeitenden in den Aufbau und die Pflege dieser Kultur.   <\/p>\n<p>Doch was passiert, wenn der kulturelle Wandel ein blo\u00dfes Lippenbekenntnis bleibt, die triumphierenden Erkl\u00e4rungen nichts als leere Versprechungen sind und \u2013 im schlimmsten (und leider nicht seltenen) Fall \u2013 ein Widerspruch zwischen dem Gesagten und dem tats\u00e4chlich Gelebten entsteht? Dies k\u00f6nnte dazu f\u00fchren, dass die Mitarbeitenden das Vertrauen in die Strategie und Vision des Unternehmens verlieren, wodurch eine nur schwer zu \u00fcberwindende Kluft entsteht. <\/p>\n<\/div>\n<\/div>\n\t\t\t\t\t\t\t\t<\/div>\n\t\t\t\t<\/div>\n\t\t\t\t\t<\/div>\n\t\t\t\t<\/div>\n\t\t<div class=\"elementor-element elementor-element-3b169f0 e-flex e-con-boxed e-con e-parent\" data-id=\"3b169f0\" data-element_type=\"container\" data-e-type=\"container\">\n\t\t\t\t\t<div class=\"e-con-inner\">\n\t\t\t\t<div class=\"elementor-element elementor-element-5c2b684 elementor-widget-divider--view-line elementor-widget elementor-widget-divider\" data-id=\"5c2b684\" data-element_type=\"widget\" data-e-type=\"widget\" data-widget_type=\"divider.default\">\n\t\t\t\t<div class=\"elementor-widget-container\">\n\t\t\t\t\t\t\t<div class=\"elementor-divider\">\n\t\t\t<span class=\"elementor-divider-separator\">\n\t\t\t\t\t\t<\/span>\n\t\t<\/div>\n\t\t\t\t\t\t<\/div>\n\t\t\t\t<\/div>\n\t\t\t\t<div class=\"elementor-element elementor-element-0453edf elementor-widget elementor-widget-text-editor\" data-id=\"0453edf\" data-element_type=\"widget\" data-e-type=\"widget\" data-widget_type=\"text-editor.default\">\n\t\t\t\t<div class=\"elementor-widget-container\">\n\t\t\t\t\t\t\t\t\t<div class=\"reader-article-content reader-article-content--content-blocks\" dir=\"ltr\">\n<div class=\"reader-article-content reader-article-content--content-blocks\" dir=\"ltr\">\n<div class=\"reader-article-content reader-article-content--content-blocks\" dir=\"ltr\">\n<h3 id=\"ember63\" class=\"ember-view\">Wie l\u00e4sst sich also dieses Engagement f\u00fcr die Unternehmenskultur konkret umsetzen und in den t\u00e4glichen Arbeitsalltag integrieren?<\/h3>\n<p>Die Antwort liegt in der bereits erw\u00e4hnten Koh\u00e4renz sowie der aktiven Einbeziehung der Mitarbeitenden in die Gestaltung der kulturellen Aspekte.<strong> Hinzu kommt ein nachhaltiger Ansatz zur Transformation der Arbeitsweisen in der Organisation.<\/strong> <\/p>\n<p>In diesem Zusammenhang haben wir bei bicg vor einigen Jahren ein Nachhaltigkeitsmodell f\u00fcr Umwelt, Soziales und Governance (ESG) entwickelt, das die Aktivit\u00e4ten, Richtlinien, Dynamiken und die Kultur der Organisation auf praktische Weise mit internationalen ESG-Nachhaltigkeitsstandards verkn\u00fcpft. So wird die Koh\u00e4renz zwischen dem Unternehmensziel und der tats\u00e4chlichen Praxis im Arbeitsalltag und Betrieb sichergestellt <em>(Bild 1).<\/em><\/p>\n<\/div>\n<\/div>\n<\/div>\n\t\t\t\t\t\t\t\t<\/div>\n\t\t\t\t<\/div>\n\t\t\t\t<div class=\"elementor-element elementor-element-eefa191 elementor-widget elementor-widget-image\" data-id=\"eefa191\" data-element_type=\"widget\" data-e-type=\"widget\" data-widget_type=\"image.default\">\n\t\t\t\t<div class=\"elementor-widget-container\">\n\t\t\t\t\t\t\t\t\t\t\t\t\t\t\t<img fetchpriority=\"high\" decoding=\"async\" width=\"1080\" height=\"479\" src=\"https:\/\/bicg.com\/wp-content\/uploads\/2024\/01\/Insight-Carlos-1.jpg\" class=\"attachment-full size-full wp-image-3920\" alt=\"\" srcset=\"https:\/\/bicg.com\/wp-content\/uploads\/2024\/01\/Insight-Carlos-1.jpg 1080w, https:\/\/bicg.com\/wp-content\/uploads\/2024\/01\/Insight-Carlos-1-300x133.jpg 300w, https:\/\/bicg.com\/wp-content\/uploads\/2024\/01\/Insight-Carlos-1-1024x454.jpg 1024w, https:\/\/bicg.com\/wp-content\/uploads\/2024\/01\/Insight-Carlos-1-768x341.jpg 768w\" sizes=\"(max-width: 1080px) 100vw, 1080px\" \/>\t\t\t\t\t\t\t\t\t\t\t\t\t\t\t<\/div>\n\t\t\t\t<\/div>\n\t\t\t\t<div class=\"elementor-element elementor-element-6140d31 elementor-widget elementor-widget-text-editor\" data-id=\"6140d31\" data-element_type=\"widget\" data-e-type=\"widget\" data-widget_type=\"text-editor.default\">\n\t\t\t\t<div class=\"elementor-widget-container\">\n\t\t\t\t\t\t\t\t\t<div class=\"reader-article-content reader-article-content--content-blocks\" dir=\"ltr\">\n<div class=\"reader-article-content reader-article-content--content-blocks\" dir=\"ltr\">\n<div class=\"reader-article-content reader-article-content--content-blocks\" dir=\"ltr\">\n<p>Abb. 1: Matrix der ESG-Initiativen von bicg <\/p>\n<\/div>\n<\/div>\n<\/div>\n\t\t\t\t\t\t\t\t<\/div>\n\t\t\t\t<\/div>\n\t\t\t\t<div class=\"elementor-element elementor-element-b30c551 elementor-widget elementor-widget-text-editor\" data-id=\"b30c551\" data-element_type=\"widget\" data-e-type=\"widget\" data-widget_type=\"text-editor.default\">\n\t\t\t\t<div class=\"elementor-widget-container\">\n\t\t\t\t\t\t\t\t\t<div class=\"reader-article-content reader-article-content--content-blocks\" dir=\"ltr\">\n<div class=\"reader-article-content reader-article-content--content-blocks\" dir=\"ltr\">\n<div class=\"reader-article-content reader-article-content--content-blocks\" dir=\"ltr\">\n<p>Bei bicg haben wir diese Prinzipien entwickelt und sie in unser ESG-Nachhaltigkeitsmodell integriert, um unsere Praktiken mit den globalen Standards in Einklang zu bringen. Das Ergebnis? <\/p>\n<p>Eine Steigerung der Produktivit\u00e4t, die sich in einer Erh\u00f6hung der Effizienz der Arbeitszeit im Au\u00dfendienst um bis zu 6-7 % zeigt, ein gewaltiger Sprung in der Integration der Mitarbeiter und ein erneuertes Unternehmensbild, das auf dem Markt gro\u00dfen Anklang findet.<\/p>\n<p>Fachkr\u00e4fte profitieren von einem nie dagewesenen Zugang zu Informationen, der nicht nur gewerkschaftliche Konflikte entsch\u00e4rft, sondern auch die Optimierung und Neugestaltung von Arbeitspl\u00e4tzen katalysiert hat.<\/p>\n<p>Diese neuen Arbeitsweisen haben zu bereichernden Arbeitserfahrungen gef\u00fchrt, die sich aus der Einf\u00fchrung von Technologien ergeben. Flexibilit\u00e4t ist heute mehr denn je der Standard, unter dem effizientere Arbeitsschichten und flexiblere vertragliche Aktivit\u00e4ten durchgef\u00fchrt werden. Heute k\u00f6nnen Produktionsunterbrechungen schneller durchgef\u00fchrt werden, was sich positiv auf die Produktivit\u00e4t und den Output auswirkt.  <\/p>\n<p>Unsere industrielle Welt entwickelt sich schnell weiter. Begleiten Sie bicg bei diesem Wandel und lassen Sie uns gemeinsam die Grenzen des Fortschritts erweitern. Werden Sie jetzt aktiv, um das \u00d6kosystem der Industriearbeit neu zu definieren und eine Zukunft zu schaffen, die nur durch unseren Ehrgeiz zur Verbesserung begrenzt wird.  <\/p>\n<\/div>\n<\/div>\n<\/div>\n\t\t\t\t\t\t\t\t<\/div>\n\t\t\t\t<\/div>\n\t\t\t\t\t<\/div>\n\t\t\t\t<\/div>\n\t\t\t\t<\/div>\n\t\t","protected":false},"excerpt":{"rendered":"<p>&#8211; Carlos Lozano Ehlers, Gesch\u00e4ftsf\u00fchrer bei bicg. In einem Umfeld, das von Unsicherheit und intensivem Wettbewerb gepr\u00e4gt ist, ist es f\u00fcr Industrieunternehmen dringender denn je, das Engagement der Mitarbeiter, die Kommunikation, Zusammenarbeit, F\u00fchrung, digitales Empowerment, nachhaltige Zielsetzungen und die kulturelle Integration kontinuierlich zu st\u00e4rken und weiterzuentwickeln. In der heutigen Zeit, in der sich alles um [&hellip;]<\/p>\n","protected":false},"author":1,"featured_media":8566,"comment_status":"closed","ping_status":"closed","sticky":false,"template":"","format":"standard","meta":{"footnotes":""},"categories":[151],"tags":[],"class_list":["post-8121","post","type-post","status-publish","format-standard","has-post-thumbnail","hentry","category-insights-de"],"_links":{"self":[{"href":"https:\/\/bicg.com\/de\/wp-json\/wp\/v2\/posts\/8121","targetHints":{"allow":["GET"]}}],"collection":[{"href":"https:\/\/bicg.com\/de\/wp-json\/wp\/v2\/posts"}],"about":[{"href":"https:\/\/bicg.com\/de\/wp-json\/wp\/v2\/types\/post"}],"author":[{"embeddable":true,"href":"https:\/\/bicg.com\/de\/wp-json\/wp\/v2\/users\/1"}],"replies":[{"embeddable":true,"href":"https:\/\/bicg.com\/de\/wp-json\/wp\/v2\/comments?post=8121"}],"version-history":[{"count":12,"href":"https:\/\/bicg.com\/de\/wp-json\/wp\/v2\/posts\/8121\/revisions"}],"predecessor-version":[{"id":9074,"href":"https:\/\/bicg.com\/de\/wp-json\/wp\/v2\/posts\/8121\/revisions\/9074"}],"wp:featuredmedia":[{"embeddable":true,"href":"https:\/\/bicg.com\/de\/wp-json\/wp\/v2\/media\/8566"}],"wp:attachment":[{"href":"https:\/\/bicg.com\/de\/wp-json\/wp\/v2\/media?parent=8121"}],"wp:term":[{"taxonomy":"category","embeddable":true,"href":"https:\/\/bicg.com\/de\/wp-json\/wp\/v2\/categories?post=8121"},{"taxonomy":"post_tag","embeddable":true,"href":"https:\/\/bicg.com\/de\/wp-json\/wp\/v2\/tags?post=8121"}],"curies":[{"name":"wp","href":"https:\/\/api.w.org\/{rel}","templated":true}]}}