{"id":7941,"date":"2024-07-15T19:39:42","date_gmt":"2024-07-15T17:39:42","guid":{"rendered":"https:\/\/bicg.com\/bicg-rueckblick-2024-1999\/"},"modified":"2025-03-26T16:00:32","modified_gmt":"2025-03-26T15:00:32","slug":"bicg-rueckblick-2024-1999","status":"publish","type":"post","link":"https:\/\/bicg.com\/de\/bicg-rueckblick-2024-1999\/","title":{"rendered":"bicg &#8211; R\u00fcckblick 2024-1999"},"content":{"rendered":"\t\t<div data-elementor-type=\"wp-post\" data-elementor-id=\"7941\" class=\"elementor elementor-7941 elementor-5239\" data-elementor-post-type=\"post\">\n\t\t\t\t\t\t<section class=\"elementor-section elementor-top-section elementor-element elementor-element-0f6537b elementor-section-boxed elementor-section-height-default elementor-section-height-default\" data-id=\"0f6537b\" data-element_type=\"section\" data-e-type=\"section\">\n\t\t\t\t\t\t<div class=\"elementor-container elementor-column-gap-default\">\n\t\t\t\t\t\t<\/div>\n\t\t<\/section>\n\t\t<div class=\"elementor-element elementor-element-18c376c e-flex e-con-boxed e-con e-parent\" data-id=\"18c376c\" data-element_type=\"container\" data-e-type=\"container\">\n\t\t\t\t\t<div class=\"e-con-inner\">\n\t\t<div class=\"elementor-element elementor-element-3c6ded3 e-flex e-con-boxed e-con e-child\" data-id=\"3c6ded3\" data-element_type=\"container\" data-e-type=\"container\">\n\t\t\t\t\t<div class=\"e-con-inner\">\n\t\t\t\t<div class=\"elementor-element elementor-element-8ade165 elementor-widget elementor-widget-text-editor\" data-id=\"8ade165\" data-element_type=\"widget\" data-e-type=\"widget\" data-widget_type=\"text-editor.default\">\n\t\t\t\t<div class=\"elementor-widget-container\">\n\t\t\t\t\t\t\t\t\t<div class=\"reader-article-content reader-article-content--content-blocks\" dir=\"ltr\">\n<p>1997, einige Jahre vor der Gr\u00fcndung von bicg im Jahr 1999, arbeitete ich am Fraunhofer IAO in Stuttgart, als wir im Rahmen des Forschungsprojekts Office21 unsere Vision von der Arbeitswelt der n\u00e4chsten Jahrzehnte vorstellten, die sich wie folgt zusammenfassen l\u00e4sst:<\/p>\n<ul>\n<li>Die Informations- und Kommunikationstechnologien (Internet, mobile Technologien, Miniaturisierung usw.) w\u00fcrden die Arbeitswelt in einer Weise ver\u00e4ndern, wie wir es noch nie erlebt hatten.<\/li>\n<li>Dies w\u00fcrde dazu f\u00fchren, dass sich unsere Arbeitsweise, die durch den untenstehenden W\u00fcrfel veranschaulicht wird, in den drei Dimensionen Zeit, Struktur und Ort \u201ebewegen\u201c w\u00fcrde. Diese drei Vektoren waren 1997 eher statisch: Man arbeitete gew\u00f6hnlich an einem Ort, zu einer bestimmten Zeit und in einer festen Struktur. Aber schon damals dachten wir, dass dieses Szenario allm\u00e4hlich flexibler werden w\u00fcrde, bis wir eine (vielleicht utopische) Realit\u00e4t erreichten, in der wir arbeiten k\u00f6nnten, wann, wie und wo wir wollten.  <\/li>\n<\/ul>\n<\/div>\n\t\t\t\t\t\t\t\t<\/div>\n\t\t\t\t<\/div>\n\t\t\t\t<div class=\"elementor-element elementor-element-33dcabe elementor-widget elementor-widget-image\" data-id=\"33dcabe\" data-element_type=\"widget\" data-e-type=\"widget\" data-widget_type=\"image.default\">\n\t\t\t\t<div class=\"elementor-widget-container\">\n\t\t\t\t\t\t\t\t\t\t\t\t\t\t\t<img fetchpriority=\"high\" decoding=\"async\" width=\"1080\" height=\"675\" src=\"https:\/\/bicg.com\/wp-content\/uploads\/2024\/07\/1507-ES.jpg\" class=\"attachment-full size-full wp-image-5252\" alt=\"\" srcset=\"https:\/\/bicg.com\/wp-content\/uploads\/2024\/07\/1507-ES.jpg 1080w, https:\/\/bicg.com\/wp-content\/uploads\/2024\/07\/1507-ES-300x188.jpg 300w, https:\/\/bicg.com\/wp-content\/uploads\/2024\/07\/1507-ES-1024x640.jpg 1024w, https:\/\/bicg.com\/wp-content\/uploads\/2024\/07\/1507-ES-768x480.jpg 768w\" sizes=\"(max-width: 1080px) 100vw, 1080px\" \/>\t\t\t\t\t\t\t\t\t\t\t\t\t\t\t<\/div>\n\t\t\t\t<\/div>\n\t\t\t\t<div class=\"elementor-element elementor-element-29610bf elementor-widget elementor-widget-text-editor\" data-id=\"29610bf\" data-element_type=\"widget\" data-e-type=\"widget\" data-widget_type=\"text-editor.default\">\n\t\t\t\t<div class=\"elementor-widget-container\">\n\t\t\t\t\t\t\t\t\t<div class=\"reader-article-content reader-article-content--content-blocks\" dir=\"ltr\">\n<p>Heute, 27 Jahre nach der Lancierung von Office21 und 25 Jahre nach der Gr\u00fcndung von bicg, befinden wir uns immer noch in demselben Paradigma: Die Technologien (jetzt angetrieben durch k\u00fcnstliche Intelligenz, erweiterte Intelligenz usw.) werden die Art und Weise, wie wir arbeiten, weiterhin mit einer noch nie dagewesenen Geschwindigkeit ver\u00e4ndern, und auch unsere drei Vektoren werden sich unaufhaltsam ver\u00e4ndern (zweifellos hat die Pandemie dazu beigetragen, diesen Prozess in einem gro\u00dfen Teil der Gesellschaft zu beschleunigen).<\/p>\n<p>R\u00fcckblickend glaube ich jedoch, dass das, was uns bei bicg in den letzten 25 Jahren wirklich ausgezeichnet hat, nicht nur darin besteht, Teil dieser zukunftsweisenden Vision zu sein, die unseren Kunden den Weg zeigt, sondern vielmehr darin, wie wir sie in unseren Projekten aktiv umzusetzen versuchen.<\/p><\/div>\n\t\t\t\t\t\t\t\t<\/div>\n\t\t\t\t<\/div>\n\t\t\t\t<div class=\"elementor-element elementor-element-ef80785 elementor-widget-divider--view-line elementor-widget elementor-widget-divider\" data-id=\"ef80785\" data-element_type=\"widget\" data-e-type=\"widget\" data-widget_type=\"divider.default\">\n\t\t\t\t<div class=\"elementor-widget-container\">\n\t\t\t\t\t\t\t<div class=\"elementor-divider\">\n\t\t\t<span class=\"elementor-divider-separator\">\n\t\t\t\t\t\t<\/span>\n\t\t<\/div>\n\t\t\t\t\t\t<\/div>\n\t\t\t\t<\/div>\n\t\t\t\t<div class=\"elementor-element elementor-element-58b01fa elementor-widget elementor-widget-heading\" data-id=\"58b01fa\" data-element_type=\"widget\" data-e-type=\"widget\" data-widget_type=\"heading.default\">\n\t\t\t\t<div class=\"elementor-widget-container\">\n\t\t\t\t\t<h2 class=\"elementor-heading-title elementor-size-default\">Wie setzen wir die \u201eReise\u201c f\u00fcr jeden unserer Kunden in die Realit\u00e4t um?<\/h2>\t\t\t\t<\/div>\n\t\t\t\t<\/div>\n\t\t\t\t<div class=\"elementor-element elementor-element-63bf3c8 elementor-widget elementor-widget-text-editor\" data-id=\"63bf3c8\" data-element_type=\"widget\" data-e-type=\"widget\" data-widget_type=\"text-editor.default\">\n\t\t\t\t<div class=\"elementor-widget-container\">\n\t\t\t\t\t\t\t\t\t<div class=\"reader-article-content reader-article-content--content-blocks\" dir=\"ltr\">\n<p>Ich w\u00fcrde sagen, dass es im Wesentlichen drei Aspekte sind, die uns unterscheiden:<\/p>\n<p>Erstens: unser Ursprung und roter Faden. Unsere 25-j\u00e4hrige Zusammenarbeit mit dem Fraunhofer-Institut f\u00fcr Arbeitswirtschaft und Organisation (IAO) erm\u00f6glicht es uns, in diesem Kontext rapider Ver\u00e4nderungen und Entwicklungen weiterhin Wissen zu erwerben und an der Spitze der Innovation zu stehen. <\/p>\n<p>Zweitens: die Integration verschiedener Disziplinen. Die F\u00e4higkeit, Disziplinen zusammenzubringen, die scheinbar nichts miteinander zu tun haben, die aber in unseren Augen immer Linien waren, die in einer gemeinsamen Strategie zusammenlaufen sollten: <\/p>\n<ul>\n<li>Die erste ist der kulturelle Wandel und das Ver\u00e4nderungsmanagement: Wenn der Wandel von Menschen gemacht wird, m\u00fcssen wir damit beginnen, die Menschen zu ver\u00e4ndern, damit sie den Wandel vollziehen k\u00f6nnen.<\/li>\n<li>Dann kam die Architektur hinzu, die Gestaltung unserer Arbeitsumgebungen. Wir erkannten schnell, dass sie ein \u00e4u\u00dferst wirksames Instrument ist, um zu vermitteln, was ein Unternehmen sein m\u00f6chte, und um dies sichtbar und erlebbar zu machen. <\/li>\n<li>Nach und nach bezogen wir weitere Disziplinen in unseren Ansatz ein. Der dritte Bereich waren die Prozesse, die bei der Einf\u00fchrung von Ver\u00e4nderungen in der Arbeitsweise und beim messbaren Erfolg der Transformationen einen differenzierenden Wert hatten. Auf diese Weise entstanden Lean, Lean-Sigma, Agile usw.  <\/li>\n<li>Anschlie\u00dfend wurde die interne und externe Kommunikation professionalisiert, indem eine kleine Agentur f\u00fcr interne Kommunikation gegr\u00fcndet wurde. Diese \u00fcbernahm die Begleitung unserer Kunden in ihren Transformationsprozessen und erstellte Kommunikationsmittel und -kampagnen, die nicht nur eine bedeutende Wirkung innerhalb der Organisationen entfalten, sondern sich auch als wertvolles Instrument zur Gewinnung neuer Talente und zur Sicherstellung der Koh\u00e4renz der internen und externen Unternehmensbotschaften erwiesen haben. Wir nennen dies seit mehr als einem Jahrzehnt Company Experience (Company Experience = Employee Experience + Customer Experience). <\/li>\n<li>Im Jahr 2017 erkannten wir schlie\u00dflich das enorme Datenvolumen, das in Organisationen zu allen Aspekten der Arbeitsweise generiert wird. Daraufhin gr\u00fcndeten wir Digital Solutions: ein Team, das sich der Erfassung, Analyse und Visualisierung aller durch diese Daten generierten Informationen widmet. Ebenso entwickelt es L\u00f6sungen und Anwendungen, die die Entscheidungsfindung in diesem Bereich vereinfachen, indem sie eine Art digitalen Zwilling f\u00fcr unsere Arbeitsweise schaffen. <\/li>\n<\/ul>\n<p>Drittens: die Leidenschaft, die unsere Teams in jedes Projekt stecken. Obwohl unsere Arbeit auf einer soliden, bew\u00e4hrten und wissenschaftlich fundierten Methodik basiert, m\u00fcssen wir t\u00e4glich nach neuen Wegen suchen, um noch gr\u00f6\u00dfere Erfolge zu erzielen. Denn uns ist bewusst, dass unsere Arbeit immer f\u00fcr, mit und von Menschen geleistet wird \u2013 und wie wir alle wissen, ist keine Organisation wie die andere, genauso wie kein Mensch dem anderen gleicht.  <\/p>\n<p>Mit diesen Werkzeugen in der Tasche begleiten wir unsere Kunden auf ihrem Weg der Transformation, fordern sie t\u00e4glich heraus und ermutigen sie, immer wieder noch weiter zu gehen \u2013 oder, wie wir gerne sagen, den Stein so weit wie m\u00f6glich zu werfen. Und immer noch hat mir keiner unserer Hunderte von Kunden am Ende eines Projekts gesagt, dass sie einen R\u00fcckzieher machen m\u00fcssten, dass sie zu innovativ gewesen seien \u2026 Aber mehr als einer hat mir gesagt, dass sie sich mehr trauen w\u00fcrden, wenn sie noch einmal von vorne beginnen w\u00fcrden. <\/p>\n<p>Eines sollten wir in dieser sich rasend schnell ver\u00e4ndernden Welt nicht vergessen: Die innovativste Arbeitsweise von heute ist morgen schon die von gestern!<\/p>\n<p>Ich bin sehr dankbar f\u00fcr diese spannenden 25 Jahre:<\/p>\n<ul>\n<li>Ich danke unseren Kunden daf\u00fcr, dass sie uns vertraut haben, Herausforderungen und H\u00fcrden angenommen haben und oft den schwierigeren Weg au\u00dferhalb ihrer Komfortzone gegangen sind.<\/li>\n<li>Ganz besonders bedanke ich mich bei dem unglaublichen Team, das Teil von bicg war und ist, dass nicht nur methodisch rigorose und pr\u00e4zise Arbeit leistet, sondern sich auch sehr kreativ an jede Herausforderung anpasst \u2013 und dabei eine unerm\u00fcdliche, bewundernswerte Leidenschaft in alles steckt, was es tut.<\/li>\n<\/ul>\n<p><strong>Nochmals tausend Dank \u2026 Das ist erst der Anfang!<\/strong><\/p>\n<p><em>I\u00f1aki Lozano Ehlers<\/em><\/p>\n<p><em>CEO von bicg<\/em><\/p>\n<\/div>\n\t\t\t\t\t\t\t\t<\/div>\n\t\t\t\t<\/div>\n\t\t\t\t<div class=\"elementor-element elementor-element-07a57e6 elementor-widget elementor-widget-video\" data-id=\"07a57e6\" data-element_type=\"widget\" data-e-type=\"widget\" data-settings=\"{&quot;video_type&quot;:&quot;vimeo&quot;}\" data-widget_type=\"video.default\">\n\t\t\t\t<div class=\"elementor-widget-container\">\n\t\t\t\t\t\t\t<div class=\"elementor-wrapper elementor-open-inline\">\n\t\t\t <div class=\"brlbs-cmpnt-container brlbs-cmpnt-content-blocker brlbs-cmpnt-with-individual-styles\" data-borlabs-cookie-content-blocker-id=\"vimeo-content-blocker\" data-borlabs-cookie-content=\"PGlmcmFtZSBjbGFzcz0iZWxlbWVudG9yLXZpZGVvLWlmcmFtZSIgYWxsb3dmdWxsc2NyZWVuIGFsbG93PSJjbGlwYm9hcmQtd3JpdGUiIHRpdGxlPSJ2aW1lbyBWaWRlbyBQbGF5ZXIiIHNyYz0iaHR0cHM6Ly9wbGF5ZXIudmltZW8uY29tL3ZpZGVvLzk2NzAyMzU4ND9jb2xvciZhbXA7YXV0b3BhdXNlPTAmYW1wO2xvb3A9MCZhbXA7bXV0ZWQ9MCZhbXA7dGl0bGU9MCZhbXA7cG9ydHJhaXQ9MCZhbXA7YnlsaW5lPTAjdD0iPjwvaWZyYW1lPg==\"><div class=\"brlbs-cmpnt-cb-preset-c brlbs-cmpnt-cb-vimeo\"> <div class=\"brlbs-cmpnt-cb-thumbnail\" style=\"background-image: url('https:\/\/bicg.com\/wp-content\/uploads\/borlabs-cookie\/1\/vimeo_967023584.jpg')\"><\/div> <div class=\"brlbs-cmpnt-cb-main\"> <div class=\"brlbs-cmpnt-cb-play-button\"><\/div> <div class=\"brlbs-cmpnt-cb-content\"> <p class=\"brlbs-cmpnt-cb-description\">Sie sehen gerade einen Platzhalterinhalt von <strong>Vimeo<\/strong>. Um auf den eigentlichen Inhalt zuzugreifen, klicken Sie auf die Schaltfl\u00e4che unten. Bitte beachten Sie, dass dabei Daten an Drittanbieter weitergegeben werden.<\/p> <a class=\"brlbs-cmpnt-cb-provider-toggle\" href=\"#\" data-borlabs-cookie-show-provider-information role=\"button\">Mehr Informationen<\/a> <\/div> <div class=\"brlbs-cmpnt-cb-buttons\"> <a class=\"brlbs-cmpnt-cb-btn\" href=\"#\" data-borlabs-cookie-unblock role=\"button\">Inhalt entsperren<\/a> <a class=\"brlbs-cmpnt-cb-btn\" href=\"#\" data-borlabs-cookie-accept-service role=\"button\" style=\"display: inherit\">Erforderlichen Service akzeptieren und Inhalte entsperren<\/a> <\/div> <\/div> <\/div><\/div>\t\t<\/div>\n\t\t\t\t\t\t<\/div>\n\t\t\t\t<\/div>\n\t\t\t\t\t<\/div>\n\t\t\t\t<\/div>\n\t\t\t\t\t<\/div>\n\t\t\t\t<\/div>\n\t\t\t\t<\/div>\n\t\t","protected":false},"excerpt":{"rendered":"<p>1997, einige Jahre vor der Gr\u00fcndung von bicg im Jahr 1999, arbeitete ich am Fraunhofer IAO in Stuttgart, als wir im Rahmen des Forschungsprojekts Office21 unsere Vision von der Arbeitswelt der n\u00e4chsten Jahrzehnte vorstellten, die sich wie folgt zusammenfassen l\u00e4sst: Die Informations- und Kommunikationstechnologien (Internet, mobile Technologien, Miniaturisierung usw.) w\u00fcrden die Arbeitswelt in einer Weise [&hellip;]<\/p>\n","protected":false},"author":1,"featured_media":8582,"comment_status":"closed","ping_status":"closed","sticky":false,"template":"","format":"standard","meta":{"footnotes":""},"categories":[151],"tags":[],"class_list":["post-7941","post","type-post","status-publish","format-standard","has-post-thumbnail","hentry","category-insights-de"],"_links":{"self":[{"href":"https:\/\/bicg.com\/de\/wp-json\/wp\/v2\/posts\/7941","targetHints":{"allow":["GET"]}}],"collection":[{"href":"https:\/\/bicg.com\/de\/wp-json\/wp\/v2\/posts"}],"about":[{"href":"https:\/\/bicg.com\/de\/wp-json\/wp\/v2\/types\/post"}],"author":[{"embeddable":true,"href":"https:\/\/bicg.com\/de\/wp-json\/wp\/v2\/users\/1"}],"replies":[{"embeddable":true,"href":"https:\/\/bicg.com\/de\/wp-json\/wp\/v2\/comments?post=7941"}],"version-history":[{"count":9,"href":"https:\/\/bicg.com\/de\/wp-json\/wp\/v2\/posts\/7941\/revisions"}],"predecessor-version":[{"id":9310,"href":"https:\/\/bicg.com\/de\/wp-json\/wp\/v2\/posts\/7941\/revisions\/9310"}],"wp:featuredmedia":[{"embeddable":true,"href":"https:\/\/bicg.com\/de\/wp-json\/wp\/v2\/media\/8582"}],"wp:attachment":[{"href":"https:\/\/bicg.com\/de\/wp-json\/wp\/v2\/media?parent=7941"}],"wp:term":[{"taxonomy":"category","embeddable":true,"href":"https:\/\/bicg.com\/de\/wp-json\/wp\/v2\/categories?post=7941"},{"taxonomy":"post_tag","embeddable":true,"href":"https:\/\/bicg.com\/de\/wp-json\/wp\/v2\/tags?post=7941"}],"curies":[{"name":"wp","href":"https:\/\/api.w.org\/{rel}","templated":true}]}}